{"id":1252,"date":"2019-12-22T09:38:27","date_gmt":"2019-12-22T09:38:27","guid":{"rendered":""},"modified":"-0001-11-30T00:00:00","modified_gmt":"-0001-11-29T22:00:00","slug":"","status":"publish","type":"post","link":"http:\/\/www.chapelle-crecy.com\/?p=1252","title":{"rendered":"Annonces du 23 au 29 d\u00e9cembre 2019"},"content":{"rendered":"<div align=\"justify\">Voici les annonces de la semaine du lundi 23 au dimanche 29 d\u00e9cembre 2019 pour la paroisse des 3 clochers Cr\u00e9cy-la-Chapelle, Villiers-sur-Morin, Voulangis. <\/p>\n<p>Mardi 24 d\u00e9cembre \u00e0\u00a0 18 h 30, veill\u00e9e de No\u00f6l \u00e0\u00a0 Cr\u00e9cy.<br \/>\nMercredi 25 d\u00e9cembre \u00e0\u00a0 10 h 30, messe de No\u00f6l \u00e0\u00a0 Villiers.<br \/>\nSamedi 28 d\u00e9cembre \u00e0\u00a0 18 h 30, messe \u00e0\u00a0 Voulangis. <br \/> <br \/>\nDimanche 29 d\u00e9cembre \u00e0\u00a0 9 h 45, messe \u00e0\u00a0 Cr\u00e9cy. <\/p>\n<p>Tous les d\u00e9tails dans la suite &#8230;<\/p><\/div>\n<div align=\"center\">\n<table bgcolor =\"F0FFF6\" border=0>\n<tbody>\n<tr>\n<td width=400><font color=\"00CC00\"><\/p>\n<div align=\"center\">\n<b>Lundi 23 d\u00e9cembre<\/b><br \/>\n17 h &#8211; Messe de No\u00ebl  \u00e0 la Maison de Retraite.<\/p>\n<p><b>Mardi 24 d\u00e9cembre<\/b><br \/>\n<i>VEILLEE DE NOEL<\/i><br \/>\n18 h 30 &#8211; \u00e0 Cr\u00e9cy, Messe anniversaire pour Pasquale OMBRELLO.<br \/>\nVente de bougies de No\u00ebl au profit du Secours Catholique.<\/p>\n<p><b>Mercredi 25 d\u00e9cembre<\/b><br \/>\n <i>MESSE DU JOUR DE NOEL<\/i><br \/>\n\u00e0 10 h 30 &#8211; Villiers.\n<\/div>\n<p><\/font><\/td>\n<td><font color=\"00CC00\"><\/p>\n<div align=\"center\"><img decoding=\"async\" src=\"\/IMG\/gif\/noel_nativite008.gif\" width=200><\/div>\n<p><\/font><\/td>\n<\/tr>\n<\/tbody>\n<\/table>\n<p><\/p>\n<table bgcolor =\"F0F0F6\" border=0>\n<tbody>\n<td><font color=\"0E0C40\"><\/p>\n<div align=\"center\"><img decoding=\"async\" src=\"\/IMG\/gif\/noel_nativite030.gif\" width=200><\/div>\n<p><\/font><\/td>\n<td width=400><font color=\"0E0C40\"><\/p>\n<div align=\"center\">\n<p><b>Jeudi 26 d\u00e9cembre<\/b><br \/>\n18 h &#8211; Messe \u00e0 Cr\u00e9cy.<\/p>\n<p><b>Vendredi 27 d\u00e9cembre<\/b><br \/>\nPas de Messe en paroisse.<\/p>\n<p><b>Samedi 28 d\u00e9cembre<\/b><br \/>\n18 h 30 &#8211; \u00e0 Voulangis &#8211; Messe anniversaire pour Denise BEGUIN.<\/p>\n<p><b>Dimanche 29 d\u00e9cembre<\/b><br \/>\n9 h 45 &#8211; \u00e0 Cr\u00e9cy Messe pour Ren\u00e9e HENQUIN et Suzanne LELARD &#8211; Bapt\u00eame de Juliette DUBUS.\n<\/div>\n<p><\/font><\/td>\n<\/tr>\n<\/tbody>\n<\/table>\n<p> \n<\/div>\n","protected":false},"excerpt":{"rendered":"<p>Voici les annonces de la semaine du lundi 23 au dimanche 29 d\u00e9cembre 2019 pour la paroisse des 3 clochers Cr\u00e9cy-la-Chapelle, Villiers-sur-Morin, Voulangis. Mardi 24 d\u00e9cembre \u00e0\u00a0 18 h 30, veill\u00e9e de No\u00f6l \u00e0\u00a0&#46;&#46;&#46;<\/p>\n","protected":false},"author":2,"featured_media":0,"comment_status":"open","ping_status":"open","sticky":false,"template":"","format":"standard","meta":{"footnotes":""},"categories":[],"tags":[],"class_list":["post-1252","post","type-post","status-publish","format-standard","hentry"],"_links":{"self":[{"href":"http:\/\/www.chapelle-crecy.com\/index.php?rest_route=\/wp\/v2\/posts\/1252","targetHints":{"allow":["GET"]}}],"collection":[{"href":"http:\/\/www.chapelle-crecy.com\/index.php?rest_route=\/wp\/v2\/posts"}],"about":[{"href":"http:\/\/www.chapelle-crecy.com\/index.php?rest_route=\/wp\/v2\/types\/post"}],"author":[{"embeddable":true,"href":"http:\/\/www.chapelle-crecy.com\/index.php?rest_route=\/wp\/v2\/users\/2"}],"replies":[{"embeddable":true,"href":"http:\/\/www.chapelle-crecy.com\/index.php?rest_route=%2Fwp%2Fv2%2Fcomments&post=1252"}],"version-history":[{"count":0,"href":"http:\/\/www.chapelle-crecy.com\/index.php?rest_route=\/wp\/v2\/posts\/1252\/revisions"}],"wp:attachment":[{"href":"http:\/\/www.chapelle-crecy.com\/index.php?rest_route=%2Fwp%2Fv2%2Fmedia&parent=1252"}],"wp:term":[{"taxonomy":"category","embeddable":true,"href":"http:\/\/www.chapelle-crecy.com\/index.php?rest_route=%2Fwp%2Fv2%2Fcategories&post=1252"},{"taxonomy":"post_tag","embeddable":true,"href":"http:\/\/www.chapelle-crecy.com\/index.php?rest_route=%2Fwp%2Fv2%2Ftags&post=1252"}],"curies":[{"name":"wp","href":"https:\/\/api.w.org\/{rel}","templated":true}]}}