{"id":1256,"date":"2020-01-18T23:16:13","date_gmt":"2020-01-18T23:16:13","guid":{"rendered":""},"modified":"-0001-11-30T00:00:00","modified_gmt":"-0001-11-29T22:00:00","slug":"","status":"publish","type":"post","link":"http:\/\/www.chapelle-crecy.com\/?p=1256","title":{"rendered":"Annonces du 20 au 26 janvier 2020"},"content":{"rendered":"<div align=\"justify\">Voici les annonces de la semaine du lundi 20 au dimanche 26 janvier pour la paroisse des 3 clochers Cr\u00e9cy-la-Chapelle, Villiers-sur-Morin, Voulangis. <\/p>\n<p>Samedi 25 janvier 2020 \u00e0\u00a0 18 h 30, messe \u00e0\u00a0 Voulangis.<br \/>\nDimanche 26 janvier \u00e0\u00a0 9 h 45, messe \u00e0\u00a0 Cr\u00e9cy. <\/p>\n<p>Tous les d\u00e9tails dans la suite &#8230;<\/p><\/div>\n<div align=\"center\">\n<table bgcolor =\"F0FFF6\" border=0>\n<tbody>\n<tr>\n<td width=400><font color=\"00CC00\"><\/p>\n<div align=\"center\">\n<b>Lundi 20 janvier<\/b><br \/>\n17 h &#8211; Messe \u00e0 la Maison de Retraite.<\/p>\n<p><b>Mardi 21 janvier<\/b><br \/>\n18 h &#8211; Messe \u00e0 Cr\u00e9cy.<\/p>\n<p><b>Mercredi 22 janvier<\/b><br \/>\n<i>Saint Vincent<\/i><br \/>\n9 h &#8211; Messe \u00e0 Cr\u00e9cy pour Georgette et Marcel DEDIEU.\n<\/div>\n<p><\/font><\/td>\n<td><font color=\"00CC00\"><\/p>\n<div align=\"center\"><img decoding=\"async\" src=\"\/IMG\/personnes\/vincent_sar.jpg\" width=200><br \/><i>Saint Vincent<\/i><\/div>\n<p><\/font><\/td>\n<\/tr>\n<\/tbody>\n<\/table>\n<p><\/p>\n<table bgcolor =\"F0F0F6\" border=0>\n<tbody>\n<td><font color=\"0E0C40\"><\/p>\n<div align=\"center\"><img decoding=\"async\" src=\"\/IMG\/personnes\/francois_sales.jpg\" width=200><br \/><i>Saint Fran\u00e7ois de Salles<\/i><\/div>\n<p><\/font><\/td>\n<td width=400><font color=\"0E0C40\"><\/p>\n<div align=\"center\">\n<b>Jeudi 23 janvier<\/b><br \/>\nPas de Messe en paroisse.<\/p>\n<p>\n<b>Vendredi 24 janvier<\/b><br \/>\n<i>Saint Fran\u00e7ois de Salles<\/i><br \/>\nPas de Messe en paroisse.<\/p>\n<p><b>Samedi 25 janvier<\/b><br \/>\n18 h 30 &#8211; Messe \u00e0 Voulangis pour  Michel DEDIEU et pour Yvonne et Joseph FERNANDEZ.<\/p>\n<p>Apr\u00e8s la Messe, voeux de notre communaut\u00e9 paroissiale de Cr\u00e9cy &#8211; Villiers &#8211; Voulangis autour d&rsquo;un verre de l&rsquo;amiti\u00e9.<\/p>\n<p>\n<b>Dimanche 26 janvier<\/b><br \/>\n9 h 45 &#8211; Messe \u00e0 Cr\u00e9cy Maurice MEUNIER ainsi que pour Gaby et Pierre BEAUMONT.\n<\/div>\n<p><\/font><\/td>\n<\/tr>\n<\/tbody>\n<\/table>\n<p> \n<\/div>\n","protected":false},"excerpt":{"rendered":"<p>Voici les annonces de la semaine du lundi 20 au dimanche 26 janvier pour la paroisse des 3 clochers Cr\u00e9cy-la-Chapelle, Villiers-sur-Morin, Voulangis. Samedi 25 janvier 2020 \u00e0\u00a0 18 h 30, messe \u00e0\u00a0 Voulangis. Dimanche&#46;&#46;&#46;<\/p>\n","protected":false},"author":2,"featured_media":0,"comment_status":"open","ping_status":"open","sticky":false,"template":"","format":"standard","meta":{"footnotes":""},"categories":[],"tags":[],"class_list":["post-1256","post","type-post","status-publish","format-standard","hentry"],"_links":{"self":[{"href":"http:\/\/www.chapelle-crecy.com\/index.php?rest_route=\/wp\/v2\/posts\/1256","targetHints":{"allow":["GET"]}}],"collection":[{"href":"http:\/\/www.chapelle-crecy.com\/index.php?rest_route=\/wp\/v2\/posts"}],"about":[{"href":"http:\/\/www.chapelle-crecy.com\/index.php?rest_route=\/wp\/v2\/types\/post"}],"author":[{"embeddable":true,"href":"http:\/\/www.chapelle-crecy.com\/index.php?rest_route=\/wp\/v2\/users\/2"}],"replies":[{"embeddable":true,"href":"http:\/\/www.chapelle-crecy.com\/index.php?rest_route=%2Fwp%2Fv2%2Fcomments&post=1256"}],"version-history":[{"count":0,"href":"http:\/\/www.chapelle-crecy.com\/index.php?rest_route=\/wp\/v2\/posts\/1256\/revisions"}],"wp:attachment":[{"href":"http:\/\/www.chapelle-crecy.com\/index.php?rest_route=%2Fwp%2Fv2%2Fmedia&parent=1256"}],"wp:term":[{"taxonomy":"category","embeddable":true,"href":"http:\/\/www.chapelle-crecy.com\/index.php?rest_route=%2Fwp%2Fv2%2Fcategories&post=1256"},{"taxonomy":"post_tag","embeddable":true,"href":"http:\/\/www.chapelle-crecy.com\/index.php?rest_route=%2Fwp%2Fv2%2Ftags&post=1256"}],"curies":[{"name":"wp","href":"https:\/\/api.w.org\/{rel}","templated":true}]}}