{"id":1257,"date":"2020-01-24T22:41:26","date_gmt":"2020-01-24T22:41:26","guid":{"rendered":""},"modified":"-0001-11-30T00:00:00","modified_gmt":"-0001-11-29T22:00:00","slug":"","status":"publish","type":"post","link":"http:\/\/www.chapelle-crecy.com\/?p=1257","title":{"rendered":"Annonces du 27 janvier au 2 f\u00e9vrier 2020"},"content":{"rendered":"<div align=\"justify\">Voici les annonces de la semaine du lundi 27 janvier au dimanche 2 f\u00e9vrier pour la paroisse des 3 clochers Cr\u00e9cy-la-Chapelle, Villiers-sur-Morin, Voulangis. <\/p>\n<p>Samedi 1er f\u00e9vrier 2020 \u00e0\u00a0 18 h 30, messe \u00e0\u00a0 Villiers.<br \/>\nDimanche 2 f\u00e9vrier \u00e0\u00a0 9 h 45, messe \u00e0\u00a0 Cr\u00e9cy. <\/p>\n<p>Tous les d\u00e9tails dans la suite &#8230;<\/p><\/div>\n<div align=\"center\">\n<table bgcolor =\"F0FFF6\" border=0>\n<tbody>\n<tr>\n<td width=400><font color=\"00CC00\"><\/p>\n<div align=\"center\">\n<b>Lundi 27 janvier<\/b><br \/>\n17 h &#8211; C\u00e9l\u00e9bration \u00e0 la Maison de Retraite.<\/p>\n<p><b>Mardi 28 janvier<\/b><br \/>\n<i>Saint Thomas d&rsquo;Aquin<\/i><br \/>\nPas de Messe en paroisse.<br \/>\n18 h &#8211; Messe \u00e0 Cr\u00e9cy.<\/p>\n<p><b>Mercredi 29 janvier<\/b><br \/>\n9 h &#8211; Messe \u00e0 Cr\u00e9cy.\n<\/div>\n<p><\/font><\/td>\n<td><font color=\"00CC00\"><\/p>\n<div align=\"center\"><img decoding=\"async\" src=\"\/IMG\/personnes\/thomas_daquin.jpg\" width=200><br \/><i>Saint Thomas d&rsquo;Aquin<\/i><\/div>\n<p><\/font><\/td>\n<\/tr>\n<\/tbody>\n<\/table>\n<p><\/p>\n<table bgcolor =\"F0F0F6\" border=0>\n<tbody>\n<td><font color=\"0E0C40\"><\/p>\n<div align=\"center\"><img decoding=\"async\" src=\"\/IMG\/personnes\/jean_bosco.jpg\" width=200><br \/><i>Saint Jean Bosco<\/i><\/div>\n<p><\/font><\/td>\n<td width=400><font color=\"0E0C40\"><\/p>\n<div align=\"center\">\n<b>Jeudi 30 janvier<\/b><br \/>\n18 h &#8211; Messe \u00e0 Cr\u00e9cy.<\/p>\n<p>\n<b>Vendredi 31 janvier<\/b><br \/>\n<i>Saint Jean Bosco<\/i><br \/>\nPas de Messe en paroisse.<\/p>\n<p><b>Samedi 1er f\u00e9vrier<\/b><br \/>\n18 h 30 &#8211; Messe \u00e0 Villiers.<\/p>\n<p>\n<b>Dimanche 2 f\u00e9vrier<\/b><br \/>\n9 h 45 &#8211; Messe  en famille \u00e0 Cr\u00e9cy.<\/p>\n<p>REPAS DE L&rsquo;AMITIE du samedi 7 mars \u00e0 Cr\u00e9cy : Pour r\u00e9server vos places les tickets de repas sont en vente aux messes des samedis et dimanches.<\/p>\n<p>Samedi 1er et dimanche 2 f\u00e9vrier : VENTE DE CREPES au profit des jeunes du FRAT allant au PELERINAGE DE LOURDES.\n<\/p><\/div>\n<p><\/font><\/td>\n<\/tr>\n<\/tbody>\n<\/table>\n<p> \n<\/div>\n","protected":false},"excerpt":{"rendered":"<p>Voici les annonces de la semaine du lundi 27 janvier au dimanche 2 f\u00e9vrier pour la paroisse des 3 clochers Cr\u00e9cy-la-Chapelle, Villiers-sur-Morin, Voulangis. Samedi 1er f\u00e9vrier 2020 \u00e0\u00a0 18 h 30, messe \u00e0\u00a0 Villiers.&#46;&#46;&#46;<\/p>\n","protected":false},"author":2,"featured_media":0,"comment_status":"open","ping_status":"open","sticky":false,"template":"","format":"standard","meta":{"footnotes":""},"categories":[],"tags":[],"class_list":["post-1257","post","type-post","status-publish","format-standard","hentry"],"_links":{"self":[{"href":"http:\/\/www.chapelle-crecy.com\/index.php?rest_route=\/wp\/v2\/posts\/1257","targetHints":{"allow":["GET"]}}],"collection":[{"href":"http:\/\/www.chapelle-crecy.com\/index.php?rest_route=\/wp\/v2\/posts"}],"about":[{"href":"http:\/\/www.chapelle-crecy.com\/index.php?rest_route=\/wp\/v2\/types\/post"}],"author":[{"embeddable":true,"href":"http:\/\/www.chapelle-crecy.com\/index.php?rest_route=\/wp\/v2\/users\/2"}],"replies":[{"embeddable":true,"href":"http:\/\/www.chapelle-crecy.com\/index.php?rest_route=%2Fwp%2Fv2%2Fcomments&post=1257"}],"version-history":[{"count":0,"href":"http:\/\/www.chapelle-crecy.com\/index.php?rest_route=\/wp\/v2\/posts\/1257\/revisions"}],"wp:attachment":[{"href":"http:\/\/www.chapelle-crecy.com\/index.php?rest_route=%2Fwp%2Fv2%2Fmedia&parent=1257"}],"wp:term":[{"taxonomy":"category","embeddable":true,"href":"http:\/\/www.chapelle-crecy.com\/index.php?rest_route=%2Fwp%2Fv2%2Fcategories&post=1257"},{"taxonomy":"post_tag","embeddable":true,"href":"http:\/\/www.chapelle-crecy.com\/index.php?rest_route=%2Fwp%2Fv2%2Ftags&post=1257"}],"curies":[{"name":"wp","href":"https:\/\/api.w.org\/{rel}","templated":true}]}}