{"id":1258,"date":"2020-02-01T23:15:46","date_gmt":"2020-02-01T23:15:46","guid":{"rendered":""},"modified":"-0001-11-30T00:00:00","modified_gmt":"-0001-11-29T22:00:00","slug":"","status":"publish","type":"post","link":"http:\/\/www.chapelle-crecy.com\/?p=1258","title":{"rendered":"Annonces du 3 au 9 f\u00e9vrier 2020"},"content":{"rendered":"<div align=\"justify\">Voici les annonces de la semaine du lundi 3 au dimanche 9 f\u00e9vrier pour la paroisse des 3 clochers Cr\u00e9cy-la-Chapelle, Villiers-sur-Morin, Voulangis. <\/p>\n<p>Samedi 3 f\u00e9vrier 2020 \u00e0\u00a0 18 h 30, messe \u00e0\u00a0 Voulangis.<br \/>\nDimanche 9 f\u00e9vrier \u00e0\u00a0 9 h 45, messe \u00e0\u00a0 Cr\u00e9cy. <\/p>\n<p>Tous les d\u00e9tails dans la suite &#8230;<\/p><\/div>\n<div align=\"center\">\n<table bgcolor =\"F0FFF6\" border=0>\n<tbody>\n<tr>\n<td width=400><font color=\"00CC00\"><\/p>\n<div align=\"center\">\n<b>Lundi 3 f\u00e9vrier<\/b><br \/>\n<i>Saint Blaise<\/i><br \/>\n14 h 30 &#8211; R\u00e9union de l&rsquo;Equipe du Rosaire chez Mme LOUIS.<br \/>\n17 h &#8211; C\u00e9l\u00e9bration \u00e0 la Maison de Retraite.<\/p>\n<p><b>Mardi 4 f\u00e9vrier<\/b><br \/>\n18 h &#8211; \u00e0 Cr\u00e9cy, Messe anniversaire pour Fran\u00e7oise TROUBLE.<\/p>\n<p><b>Mercredi 5 f\u00e9vrier<\/b><br \/>\n9 h &#8211; Messe \u00e0 Cr\u00e9cy pour la famille MACQUART.\n<\/div>\n<p><\/font><\/td>\n<td><font color=\"00CC00\"><\/p>\n<div align=\"center\"><img decoding=\"async\" src=\"\/IMG\/personnes\/blaise.jpg\" width=200><br \/><i>Saint Blaise<\/i><\/div>\n<p><\/font><\/td>\n<\/tr>\n<\/tbody>\n<\/table>\n<p><\/p>\n<table bgcolor =\"F0F0F6\" border=0>\n<tbody>\n<td><font color=\"0E0C40\"><\/p>\n<div align=\"center\"><img decoding=\"async\" src=\"\/IMG\/personnes\/gaston.jpg\" width=200><br \/><i>Saint Gaston<\/i><\/div>\n<p><\/font><\/td>\n<td width=400><font color=\"0E0C40\"><\/p>\n<div align=\"center\">\n<b>Jeudi 6 f\u00e9vrier<\/b><br \/>\n<i>Saint Gaston<\/i><br \/>\n18 h &#8211; Messe anniversaire  \u00e0 Cr\u00e9cy pour Arlette PATOUT.<\/p>\n<p>\n<b>Vendredi 7 f\u00e9vrier<\/b><br \/>\nPas de Messe en paroisse.<\/p>\n<p><b>Samedi 8 f\u00e9vrier<\/b><br \/>\n18 h 30 &#8211; Messe \u00e0 Voulangis  pour Alexandre et Antoinette GRIFFON et Genevi\u00e8ve MAGNIER. Nous prions \u00e9galement pour Georges PAQUET.<\/p>\n<p>\n<b>Dimanche 9 f\u00e9vrier<\/b><br \/>\n9 h 45 &#8211; \u00e0 Cr\u00e9cy, Messe anniversaire pour Dominique ANDRIEU et Andr\u00e9 SCOQUART.<\/p>\n<p>REPAS DE L&rsquo;AMITIE du samedi 7 mars \u00e0 Cr\u00e9cy : Pour r\u00e9server vos places les tickets de repas sont en vente aux messes des samedis et dimanches.<\/p>\n<p>Semaine  PASTORALE DE LA SANTE du 4 au 9 f\u00e9vrier, et Recollection \u00e0 l&rsquo;\u00e9glise St Damien \u00e0 Meaux, le dimanche 9, de 9 h \u00e0 17 h.\n<\/p><\/div>\n<p><\/font><\/td>\n<\/tr>\n<\/tbody>\n<\/table>\n<p> \n<\/div>\n","protected":false},"excerpt":{"rendered":"<p>Voici les annonces de la semaine du lundi 3 au dimanche 9 f\u00e9vrier pour la paroisse des 3 clochers Cr\u00e9cy-la-Chapelle, Villiers-sur-Morin, Voulangis. Samedi 3 f\u00e9vrier 2020 \u00e0\u00a0 18 h 30, messe \u00e0\u00a0 Voulangis. Dimanche&#46;&#46;&#46;<\/p>\n","protected":false},"author":2,"featured_media":0,"comment_status":"open","ping_status":"open","sticky":false,"template":"","format":"standard","meta":{"footnotes":""},"categories":[],"tags":[],"class_list":["post-1258","post","type-post","status-publish","format-standard","hentry"],"_links":{"self":[{"href":"http:\/\/www.chapelle-crecy.com\/index.php?rest_route=\/wp\/v2\/posts\/1258","targetHints":{"allow":["GET"]}}],"collection":[{"href":"http:\/\/www.chapelle-crecy.com\/index.php?rest_route=\/wp\/v2\/posts"}],"about":[{"href":"http:\/\/www.chapelle-crecy.com\/index.php?rest_route=\/wp\/v2\/types\/post"}],"author":[{"embeddable":true,"href":"http:\/\/www.chapelle-crecy.com\/index.php?rest_route=\/wp\/v2\/users\/2"}],"replies":[{"embeddable":true,"href":"http:\/\/www.chapelle-crecy.com\/index.php?rest_route=%2Fwp%2Fv2%2Fcomments&post=1258"}],"version-history":[{"count":0,"href":"http:\/\/www.chapelle-crecy.com\/index.php?rest_route=\/wp\/v2\/posts\/1258\/revisions"}],"wp:attachment":[{"href":"http:\/\/www.chapelle-crecy.com\/index.php?rest_route=%2Fwp%2Fv2%2Fmedia&parent=1258"}],"wp:term":[{"taxonomy":"category","embeddable":true,"href":"http:\/\/www.chapelle-crecy.com\/index.php?rest_route=%2Fwp%2Fv2%2Fcategories&post=1258"},{"taxonomy":"post_tag","embeddable":true,"href":"http:\/\/www.chapelle-crecy.com\/index.php?rest_route=%2Fwp%2Fv2%2Ftags&post=1258"}],"curies":[{"name":"wp","href":"https:\/\/api.w.org\/{rel}","templated":true}]}}