{"id":126,"date":"2009-05-21T09:41:39","date_gmt":"2009-05-21T09:41:39","guid":{"rendered":""},"modified":"-0001-11-30T00:00:00","modified_gmt":"-0001-11-29T22:00:00","slug":"","status":"publish","type":"post","link":"http:\/\/www.chapelle-crecy.com\/?p=126","title":{"rendered":"Salon de mai 2009 \u00e0\u00a0 Cr\u00e9cy"},"content":{"rendered":"<table bgcolor =\"F0FAFF\" border=0>\n<tbody>\n<tr>\n<td>\n<div align=\"justify\">\n<div \"36\">Il s&rsquo;agit, aujourd&rsquo;hui de vous donner un aper\u00e7u de l&rsquo;Exposition pr\u00e9sent\u00e9e par l&rsquo;Association \u00ab\u00a0Les Ateliers du Grand Morin\u00a0\u00bb du samedi 16 au dimanche 24 mai 2009 \u00e0\u00a0 la salle Altmann de Cr\u00e9cy-la-Chapelle.<br \/>\nMais avant d&rsquo;aborder le catalogue, voici le mot du Pr\u00e9sident : <\/div>\n<\/div>\n<\/td>\n<\/tr>\n<\/tbody>\n<\/table>\n<table bgcolor =\"F0FAFF\" border=0>\n<tbody>\n<tr>\n<td>\n<div align=\"justify\"><i><br \/>\n\u00a0\u00bb Nous sommes tr\u00e8s heureux de vous accueillir \u00e0 ce second salon de printemps des Artistes, que vous allez avoir le plaisir de rencontrer au gr\u00e9 de leurs pr\u00e9sences, durant 9 jours.<br \/>\nIls ont bien voulu exposer leurs oeuvres, fruits de leurs \u00e9motions ressenties et exprim\u00e9es magnifiquement, et dans des styles tr\u00e8s diff\u00e9rents.<br \/>\nVous y trouverez certainement \u00ab\u00a0votre coup de coeur\u00a0\u00bb.<br \/>\nTous ces artistes sont des connaissances du groupe \u00ab\u00a0ARTNOTIL\u00a0\u00bb, que nous remercions pour son implication permanente et sa motivation \u00e0 promouvoir les Arts, dans la ville de Cr\u00e9cy-la-Chapelle, dans la vall\u00e9e et ses environs.<br \/>\nUn grand merci \u00e0 la Mairie de Cr\u00e9cy-la-Chapelle, qui nous facilite grandement ces salons et la vie de notre association, ainsi qu&rsquo;\u00e0 tous les b\u00e9n\u00e9voles pour leur aide g\u00e9n\u00e9reuse.<br \/>\nBelle promenade hors du temps, \u00e0 prendre plaisir \u00e0 regarder, r\u00eaver avec les Artistes, et appr\u00e9cier leurs oeuvres. \u00ab\u00a0<\/p>\n<p>Marc ROBERT<\/i><\/div>\n<div align=\"center\"><img decoding=\"async\" src=\"\/IMG\/culturel\/salon_0502.jpg\" width=450\" border=0><br \/><b>NAIP &#8211; Kiosque. Acrylique. 12F <\/b>\n<\/div>\n<p> <\/p>\n<div align=\"justify\">Un grand merci, Monsieur le Pr\u00e9sident, de nous avoir permis de profiter de cette exposition de haut niveau emmen\u00e9e par les artistes &lsquo;ARTNOTIL dont il faut souligner la grande valeur artistique.<\/div>\n<p> <\/p>\n<div align=\"center\"><img decoding=\"async\" src=\"\/IMG\/culturel\/salon_0504.jpg\" width=450\" border=0><br \/><b>Serge TERZAKIAN &#8211;<br \/>\nCoulommiers  L&rsquo;\u00e9glise. Aquarelle. 65 X 50<\/b>\n<\/div>\n<p> <\/p>\n<div align=\"justify\">\nConduit par Jean-Claude NAIP, peintre \u00e9m\u00e9rite, le groupe rassemble maintenant: Serge TERZAKIAN, Catherine TANNET, Manuel RUBALO, Orphie du LIGOR, Toshio MATSUDA, Alain et Dany LECUYER.<\/p>\n<p>Pour ma part, j&rsquo;ai regrett\u00e9 l&rsquo;absence de deux sculpteurs: Mesdames Martine LEE et ISCA ainsi que celle des soeurs DE FELICE Martine et Fran\u00e7oise.\n<\/p><\/div>\n<p> <\/p>\n<div align=\"center\"><img decoding=\"async\" src=\"\/IMG\/culturel\/salon_0503.jpg\" width=450\" border=0><br \/><b>Jacques BLANCHON &#8211; Pas si vite. Bronze. 23 X 16 X 12<\/b><\/div>\n<p> <\/p>\n<div align=\"justify\">\nIl fallait s&rsquo;attarder devant les superbes pastels de Mich\u00e8le CHOPPE, les vitraux \u00ab\u00a0Art nouveau\u00a0\u00bb d&rsquo;Alain LECUYER, et les sculptures si particuli\u00e8res de Jacques BLANCHON.\n<\/div>\n<p> <\/p>\n<div align=\"center\"><img decoding=\"async\" src=\"\/IMG\/culturel\/salon_0506.jpg\" width=450\" border=0><br \/><b>DU MERAC Brigitte &#8211; Les dentelles de Montmirail. Huile. 55 X 46<\/b>\n<\/div>\n<p> <\/p>\n<div align=\"justify\">J&rsquo;ai manqu\u00e9  monsieur Yaeko ASADA. Son style nous impressionnera. Allons-nous compter dans la vall\u00e9e autant d&rsquo;artistes du Soleil Levant qu&rsquo;ils \u00e9taient avant guerre ? Ce serait honorer la m\u00e9moire de leurs pr\u00e9d\u00e9cesseurs et d\u00e9couvrir d&rsquo;autres talents.<\/p>\n<p>J&rsquo;ai revu Nathacha LAZAREVIC, admir\u00e9 ses figures diaboliques aussi fines que la dentelle, le superbe voilier de Jacques PAVIET habitu\u00e9 de la salle des Capucins, les oeuvres charmantes de Brigitte et Agn\u00e8s DU MERAC et de bien d&rsquo;autres encore que j&rsquo;oublie malgr\u00e9 moi. Qu&rsquo;ils veuillent me pardonner. <br \/>\nSauf erreur, j&rsquo;ai compt\u00e9 13 artistes pour 137 oeuvres chez les peintres et 8 pour 58 oeuvres dans la cat\u00e9gorie vitrail et sculpture.<br \/>\n<br \/>\nEt puis la salle \u00e9tait trop petite mais quel succ\u00e8s !\n<\/div>\n<p> <\/p>\n<div align=\"center\" border=0><img decoding=\"async\" src=\"\/IMG\/culturel\/salon_0505.jpg\" width=450\"><\/div>\n<p> <br \/>\nPhoto d&rsquo;ent\u00eate : Mich\u00e8le CHOPPE &#8211; Bouquet de Printemps. Aquarelle. 77 X 67\n<\/td>\n<\/tr>\n<\/tbody>\n<\/table>\n","protected":false},"excerpt":{"rendered":"<p>Il s&rsquo;agit, aujourd&rsquo;hui de vous donner un aper\u00e7u de l&rsquo;Exposition pr\u00e9sent\u00e9e par l&rsquo;Association \u00ab\u00a0Les Ateliers du Grand Morin\u00a0\u00bb du samedi 16 au dimanche 24 mai 2009 \u00e0\u00a0 la salle Altmann de Cr\u00e9cy-la-Chapelle. Mais avant&#46;&#46;&#46;<\/p>\n","protected":false},"author":2,"featured_media":0,"comment_status":"open","ping_status":"open","sticky":false,"template":"","format":"standard","meta":{"footnotes":""},"categories":[],"tags":[],"class_list":["post-126","post","type-post","status-publish","format-standard","hentry"],"_links":{"self":[{"href":"http:\/\/www.chapelle-crecy.com\/index.php?rest_route=\/wp\/v2\/posts\/126","targetHints":{"allow":["GET"]}}],"collection":[{"href":"http:\/\/www.chapelle-crecy.com\/index.php?rest_route=\/wp\/v2\/posts"}],"about":[{"href":"http:\/\/www.chapelle-crecy.com\/index.php?rest_route=\/wp\/v2\/types\/post"}],"author":[{"embeddable":true,"href":"http:\/\/www.chapelle-crecy.com\/index.php?rest_route=\/wp\/v2\/users\/2"}],"replies":[{"embeddable":true,"href":"http:\/\/www.chapelle-crecy.com\/index.php?rest_route=%2Fwp%2Fv2%2Fcomments&post=126"}],"version-history":[{"count":0,"href":"http:\/\/www.chapelle-crecy.com\/index.php?rest_route=\/wp\/v2\/posts\/126\/revisions"}],"wp:attachment":[{"href":"http:\/\/www.chapelle-crecy.com\/index.php?rest_route=%2Fwp%2Fv2%2Fmedia&parent=126"}],"wp:term":[{"taxonomy":"category","embeddable":true,"href":"http:\/\/www.chapelle-crecy.com\/index.php?rest_route=%2Fwp%2Fv2%2Fcategories&post=126"},{"taxonomy":"post_tag","embeddable":true,"href":"http:\/\/www.chapelle-crecy.com\/index.php?rest_route=%2Fwp%2Fv2%2Ftags&post=126"}],"curies":[{"name":"wp","href":"https:\/\/api.w.org\/{rel}","templated":true}]}}