{"id":1261,"date":"2020-02-21T20:08:04","date_gmt":"2020-02-21T20:08:04","guid":{"rendered":""},"modified":"-0001-11-30T00:00:00","modified_gmt":"-0001-11-29T22:00:00","slug":"","status":"publish","type":"post","link":"http:\/\/www.chapelle-crecy.com\/?p=1261","title":{"rendered":"Annonces du 24 f\u00e9vrier au 1er mars 2020"},"content":{"rendered":"<div align=\"justify\">Voici les annonces de la semaine du lundi 24 f\u00e9vrier au dimanche 1er mars pour la paroisse des 3 clochers Cr\u00e9cy-la-Chapelle, Villiers-sur-Morin, Voulangis. <\/p>\n<p>Samedi 29 f\u00e9vrier 2020 \u00e0\u00a0 18 h 30, messe \u00e0\u00a0 Voulangis<br \/>\nDimanche 1er mars \u00e0\u00a0 9 h 45, messe \u00e0\u00a0 Cr\u00e9cy. <\/p>\n<p>Tous les d\u00e9tails dans la suite &#8230;<\/p><\/div>\n<div align=\"center\">\n<table bgcolor =\"F0FFF6\" border=0>\n<tbody>\n<tr>\n<td width=400><font color=\"00CC00\"><\/p>\n<div align=\"center\">\n<b>Lundi 24 f\u00e9vrier<\/b><br \/>\n17 h &#8211; Messe \u00e0 la Maison de Retraite.<\/p>\n<p><b>Mardi 25 f\u00e9vrier<\/b><br \/>\n18 h &#8211; Messe \u00e0 Cr\u00e9cy.<\/p>\n<p><b>Mercredi 26 f\u00e9vrier<\/b><br \/>\n<i>MERCREDI DES CENDRES<\/i><br \/>\n<i>Sainte Honorine<\/i><br \/>\n9 h &#8211; Messe  \u00e0 Cr\u00e9cy<br \/>\n20 h &#8211; Messe \u00e0 Cr\u00e9cy\n<\/div>\n<p><\/font><\/td>\n<td><font color=\"00CC00\"><\/p>\n<div align=\"center\"><img decoding=\"async\" src=\"\/IMG\/personnes\/honorine.jpg\" width=200><br \/><i>Sainte Honorine<\/i><\/div>\n<p><\/font><\/td>\n<\/tr>\n<\/tbody>\n<\/table>\n<p><\/p>\n<table bgcolor =\"F0F0F6\" border=0>\n<tbody>\n<td><font color=\"0E0C40\"><\/p>\n<div align=\"center\"><img decoding=\"async\" src=\"\/IMG\/personnes\/auguste-chapdelaine.jpg\" width=200><br \/><i>Saint Auguste Chapdelaine<\/i><\/div>\n<p><\/font><\/td>\n<td width=400><font color=\"0E0C40\"><\/p>\n<div align=\"center\">\n<b>Jeudi 27 f\u00e9vrier<\/b><br \/>\n18 h &#8211; Messe \u00e0 Cr\u00e9cy pour Jean ROSIER.<\/p>\n<p>\n<b>Vendredi 28 f\u00e9vrier<\/b><br \/>\nPas de Messe en paroisse.<\/p>\n<p><b>Samedi 29 f\u00e9vrier<\/b><br \/>\n18 h 30 &#8211; \u00e0 Voulangis, Messe pour Raymonde, Jean et Michel LEROUX.<\/p>\n<p>\n<b>Dimanche 1er mars<\/b><br \/>\n<i>Premier Dimanche de CAREME<\/i><br \/>\n<i>Saint Auguste Chapdelaine<\/i><br \/>\n9 h 45 &#8211; Messe \u00e0 Cr\u00e9cy pour Gilbert CASTANET.<\/p>\n<p>REPAS DE L&rsquo;AMITIE du samedi 7 mars \u00e0 Cr\u00e9cy : Pour r\u00e9server vos places les tickets de repas sont en vente aux messes des samedis et dimanche.\n<\/div>\n<p><\/font><\/td>\n<\/tr>\n<\/tbody>\n<\/table>\n<p> \n<\/div>\n","protected":false},"excerpt":{"rendered":"<p>Voici les annonces de la semaine du lundi 24 f\u00e9vrier au dimanche 1er mars pour la paroisse des 3 clochers Cr\u00e9cy-la-Chapelle, Villiers-sur-Morin, Voulangis. Samedi 29 f\u00e9vrier 2020 \u00e0\u00a0 18 h 30, messe \u00e0\u00a0 Voulangis&#46;&#46;&#46;<\/p>\n","protected":false},"author":2,"featured_media":0,"comment_status":"open","ping_status":"open","sticky":false,"template":"","format":"standard","meta":{"footnotes":""},"categories":[],"tags":[],"class_list":["post-1261","post","type-post","status-publish","format-standard","hentry"],"_links":{"self":[{"href":"http:\/\/www.chapelle-crecy.com\/index.php?rest_route=\/wp\/v2\/posts\/1261","targetHints":{"allow":["GET"]}}],"collection":[{"href":"http:\/\/www.chapelle-crecy.com\/index.php?rest_route=\/wp\/v2\/posts"}],"about":[{"href":"http:\/\/www.chapelle-crecy.com\/index.php?rest_route=\/wp\/v2\/types\/post"}],"author":[{"embeddable":true,"href":"http:\/\/www.chapelle-crecy.com\/index.php?rest_route=\/wp\/v2\/users\/2"}],"replies":[{"embeddable":true,"href":"http:\/\/www.chapelle-crecy.com\/index.php?rest_route=%2Fwp%2Fv2%2Fcomments&post=1261"}],"version-history":[{"count":0,"href":"http:\/\/www.chapelle-crecy.com\/index.php?rest_route=\/wp\/v2\/posts\/1261\/revisions"}],"wp:attachment":[{"href":"http:\/\/www.chapelle-crecy.com\/index.php?rest_route=%2Fwp%2Fv2%2Fmedia&parent=1261"}],"wp:term":[{"taxonomy":"category","embeddable":true,"href":"http:\/\/www.chapelle-crecy.com\/index.php?rest_route=%2Fwp%2Fv2%2Fcategories&post=1261"},{"taxonomy":"post_tag","embeddable":true,"href":"http:\/\/www.chapelle-crecy.com\/index.php?rest_route=%2Fwp%2Fv2%2Ftags&post=1261"}],"curies":[{"name":"wp","href":"https:\/\/api.w.org\/{rel}","templated":true}]}}