{"id":1263,"date":"2020-03-08T09:16:55","date_gmt":"2020-03-08T09:16:55","guid":{"rendered":""},"modified":"-0001-11-30T00:00:00","modified_gmt":"-0001-11-29T22:00:00","slug":"","status":"publish","type":"post","link":"http:\/\/www.chapelle-crecy.com\/?p=1263","title":{"rendered":"Annonces du 9 au 15 mars 2020"},"content":{"rendered":"<div align=\"justify\">Voici les annonces de la semaine du lundi 9 au dimanche 15 mars pour la paroisse des 3 clochers Cr\u00e9cy-la-Chapelle, Villiers-sur-Morin, Voulangis. <\/p>\n<p>Samedi 14 mars 2020 \u00e0\u00a0 18 h 30, messe \u00e0\u00a0 Voulangis<br \/>\nDimanche 15 mars \u00e0\u00a0 9 h 45, messe \u00e0\u00a0 Cr\u00e9cy. <\/p>\n<p>Tous les d\u00e9tails dans la suite &#8230;<\/p><\/div>\n<div align=\"center\">\n<table bgcolor =\"F0FFF6\" border=0>\n<tbody>\n<tr>\n<td width=400><font color=\"00CC00\"><\/p>\n<div align=\"center\">\n<b>Lundi 9 mars<\/b><br \/>\n<i>Ste Fran\u00e7oise Romaine<\/i><br \/>\n15 h &#8211; \u00e0 Cr\u00e9cy, obs\u00e8ques de Solange LAPORTE.<br \/>\n17 h &#8211; Messe \u00e0 la Maison de Retraite, et Sacrement des Malades.<\/p>\n<p><b>Mardi 10 mars<\/b><br \/>\n18 h &#8211; Messe \u00e0 Cr\u00e9cy.<\/p>\n<p><b>Mercredi 11 mars<\/b><br \/>\n9 h &#8211; Messe \u00e0 Cr\u00e9cy pour G\u00e9rard DUBOIS.\n<\/div>\n<p><\/font><\/td>\n<td><font color=\"00CC00\"><\/p>\n<div align=\"center\"><img decoding=\"async\" src=\"\/IMG\/personnes\/francoiseromaine.jpg\" width=200><br \/><i>Ste Fran\u00e7oise Romaine<\/i><\/div>\n<p><\/font><\/td>\n<\/tr>\n<\/tbody>\n<\/table>\n<p><\/p>\n<table bgcolor =\"F0F0F6\" border=0>\n<tbody>\n<td><font color=\"0E0C40\"><\/p>\n<div align=\"center\"><img decoding=\"async\" src=\"\/IMG\/personnes\/virgile.jpg\" width=200><br \/><i>Sainte Justine<\/i><\/div>\n<p><\/font><\/td>\n<td width=400><font color=\"0E0C40\"><\/p>\n<div align=\"center\">\n<b>Jeudi 12 mars<\/b><br \/>\n<i>Sainte Justine<\/i><br \/>\nPas de Messe en paroisse.<\/p>\n<p>\n<b>Vendredi 13 mars<\/b><br \/>\nPas de Messe en paroisse.<\/p>\n<p>\n<b>Samedi 14 mars<\/b><br \/>\n18 h 30 &#8211; \u00e0 Voulangis Messe pour Michel BUHR.<\/p>\n<p>\n<b>Dimanche 15 mars<\/b><br \/>\n<i>Troisi\u00e8me Dimanche de CAREME<\/i><br \/>\n9 h 45 &#8211; \u00e0 Cr\u00e9cy &#8211; Messe pour Odette HOUNHE et Barnab\u00e9 ELEGBO-SACBO.<br \/>\nNous prions \u00e9galement pour Solange LAPORTE inhum\u00e9e lundi.\n<\/div>\n<p><\/font><\/td>\n<\/tr>\n<\/tbody>\n<\/table>\n<p> \n<\/div>\n","protected":false},"excerpt":{"rendered":"<p>Voici les annonces de la semaine du lundi 9 au dimanche 15 mars pour la paroisse des 3 clochers Cr\u00e9cy-la-Chapelle, Villiers-sur-Morin, Voulangis. Samedi 14 mars 2020 \u00e0\u00a0 18 h 30, messe \u00e0\u00a0 Voulangis Dimanche&#46;&#46;&#46;<\/p>\n","protected":false},"author":2,"featured_media":0,"comment_status":"open","ping_status":"open","sticky":false,"template":"","format":"standard","meta":{"footnotes":""},"categories":[],"tags":[],"class_list":["post-1263","post","type-post","status-publish","format-standard","hentry"],"_links":{"self":[{"href":"http:\/\/www.chapelle-crecy.com\/index.php?rest_route=\/wp\/v2\/posts\/1263","targetHints":{"allow":["GET"]}}],"collection":[{"href":"http:\/\/www.chapelle-crecy.com\/index.php?rest_route=\/wp\/v2\/posts"}],"about":[{"href":"http:\/\/www.chapelle-crecy.com\/index.php?rest_route=\/wp\/v2\/types\/post"}],"author":[{"embeddable":true,"href":"http:\/\/www.chapelle-crecy.com\/index.php?rest_route=\/wp\/v2\/users\/2"}],"replies":[{"embeddable":true,"href":"http:\/\/www.chapelle-crecy.com\/index.php?rest_route=%2Fwp%2Fv2%2Fcomments&post=1263"}],"version-history":[{"count":0,"href":"http:\/\/www.chapelle-crecy.com\/index.php?rest_route=\/wp\/v2\/posts\/1263\/revisions"}],"wp:attachment":[{"href":"http:\/\/www.chapelle-crecy.com\/index.php?rest_route=%2Fwp%2Fv2%2Fmedia&parent=1263"}],"wp:term":[{"taxonomy":"category","embeddable":true,"href":"http:\/\/www.chapelle-crecy.com\/index.php?rest_route=%2Fwp%2Fv2%2Fcategories&post=1263"},{"taxonomy":"post_tag","embeddable":true,"href":"http:\/\/www.chapelle-crecy.com\/index.php?rest_route=%2Fwp%2Fv2%2Ftags&post=1263"}],"curies":[{"name":"wp","href":"https:\/\/api.w.org\/{rel}","templated":true}]}}