{"id":1264,"date":"2020-03-13T20:47:19","date_gmt":"2020-03-13T20:47:19","guid":{"rendered":""},"modified":"-0001-11-30T00:00:00","modified_gmt":"-0001-11-29T22:00:00","slug":"","status":"publish","type":"post","link":"http:\/\/www.chapelle-crecy.com\/?p=1264","title":{"rendered":"Annonces du 16 au 22 mars 2020"},"content":{"rendered":"<div align=\"justify\">Voici les annonces de la semaine du lundi 16 au dimanche 22 mars pour la paroisse des 3 clochers Cr\u00e9cy-la-Chapelle, Villiers-sur-Morin, Voulangis. <\/p>\n<p>Samedi 21 mars 2020 \u00e0\u00a0 18 h 30, messe \u00e0\u00a0 Villiers<br \/>\nDimanche 22 mars \u00e0\u00a0 9 h 45, messe \u00e0\u00a0 Cr\u00e9cy. <\/p>\n<p>Tous les d\u00e9tails dans la suite &#8230;<\/p><\/div>\n<div align=\"center\">\n<table bgcolor =\"F0FFF6\" border=0>\n<tbody>\n<tr>\n<td width=400><font color=\"00CC00\"><\/p>\n<div align=\"center\">\n<b>Lundi 16 mars<\/b><br \/>\nPas de c\u00e9l\u00e9bration \u00e0 la Maison de Retraite.<\/p>\n<p><b>Mardi 17 mars<\/b><br \/>\n<i>Saint Patrick<\/i><br \/>\n18 h &#8211; Messe \u00e0 Cr\u00e9cy pour Pierre LOUIS.<\/p>\n<p><b>Mercredi 18 mars<\/b><br \/>\n9 h &#8211; Messe \u00e0 Cr\u00e9cy pour Jean LAURENT.\n<\/div>\n<p><\/font><\/td>\n<td><font color=\"00CC00\"><\/p>\n<div align=\"center\"><img decoding=\"async\" src=\"\/IMG\/personnes\/patrick.jpg\" width=200><br \/><i>Saint Patrick<\/i><\/div>\n<p><\/font><\/td>\n<\/tr>\n<\/tbody>\n<\/table>\n<p><\/p>\n<table bgcolor =\"F0F0F6\" border=0>\n<tbody>\n<td><font color=\"0E0C40\"><\/p>\n<div align=\"center\"><img decoding=\"async\" src=\"\/IMG\/personnes\/joseph.jpg\" width=200><br \/><i>Saint Joseph<\/i><\/div>\n<p><\/font><\/td>\n<td width=400><font color=\"0E0C40\"><\/p>\n<div align=\"center\">\n<b>Jeudi 19 mars<\/b><br \/>\n<i>Saint Joseph<\/i><br \/>\n18 h &#8211; Messe \u00e0 Cr\u00e9cy.<\/p>\n<p>\n<b>Vendredi 20 mars<\/b><br \/>\nPas de Messe en paroisse.<\/p>\n<p><b>Samedi 21 mars<\/b><br \/>\n18 h 30 &#8211; \u00e0 Villiers, Messe pour Jean ROSIER.<\/p>\n<p>\n<b>Dimanche 22 mars<\/b><br \/>\n<i>4\u00e8me dimanche de CAREME<\/i><br \/>\n9 h 45 &#8211; Messe \u00e0 Cr\u00e9cy<br \/>\n2\u00e8me scrutin pour les cat\u00e9chum\u00e8nes qui seront baptis\u00e9s \u00e0 la Vigile Pascale.<\/p>\n<p>Pr\u00e9sentation de l&rsquo;association DESIR d&rsquo;HAITI.  <br \/>\nT\u00e9moignage du P\u00e8re Peterson DABEL sur son pays.<br \/>\nVente d&rsquo;objets artisanaux.\n<\/div>\n<p><\/font><\/td>\n<\/tr>\n<\/tbody>\n<\/table>\n<p> \n<\/div>\n","protected":false},"excerpt":{"rendered":"<p>Voici les annonces de la semaine du lundi 16 au dimanche 22 mars pour la paroisse des 3 clochers Cr\u00e9cy-la-Chapelle, Villiers-sur-Morin, Voulangis. Samedi 21 mars 2020 \u00e0\u00a0 18 h 30, messe \u00e0\u00a0 Villiers Dimanche&#46;&#46;&#46;<\/p>\n","protected":false},"author":2,"featured_media":0,"comment_status":"open","ping_status":"open","sticky":false,"template":"","format":"standard","meta":{"footnotes":""},"categories":[],"tags":[],"class_list":["post-1264","post","type-post","status-publish","format-standard","hentry"],"_links":{"self":[{"href":"http:\/\/www.chapelle-crecy.com\/index.php?rest_route=\/wp\/v2\/posts\/1264","targetHints":{"allow":["GET"]}}],"collection":[{"href":"http:\/\/www.chapelle-crecy.com\/index.php?rest_route=\/wp\/v2\/posts"}],"about":[{"href":"http:\/\/www.chapelle-crecy.com\/index.php?rest_route=\/wp\/v2\/types\/post"}],"author":[{"embeddable":true,"href":"http:\/\/www.chapelle-crecy.com\/index.php?rest_route=\/wp\/v2\/users\/2"}],"replies":[{"embeddable":true,"href":"http:\/\/www.chapelle-crecy.com\/index.php?rest_route=%2Fwp%2Fv2%2Fcomments&post=1264"}],"version-history":[{"count":0,"href":"http:\/\/www.chapelle-crecy.com\/index.php?rest_route=\/wp\/v2\/posts\/1264\/revisions"}],"wp:attachment":[{"href":"http:\/\/www.chapelle-crecy.com\/index.php?rest_route=%2Fwp%2Fv2%2Fmedia&parent=1264"}],"wp:term":[{"taxonomy":"category","embeddable":true,"href":"http:\/\/www.chapelle-crecy.com\/index.php?rest_route=%2Fwp%2Fv2%2Fcategories&post=1264"},{"taxonomy":"post_tag","embeddable":true,"href":"http:\/\/www.chapelle-crecy.com\/index.php?rest_route=%2Fwp%2Fv2%2Ftags&post=1264"}],"curies":[{"name":"wp","href":"https:\/\/api.w.org\/{rel}","templated":true}]}}