{"id":1265,"date":"2020-03-14T16:49:39","date_gmt":"2020-03-14T16:49:39","guid":{"rendered":""},"modified":"-0001-11-30T00:00:00","modified_gmt":"-0001-11-29T22:00:00","slug":"","status":"publish","type":"post","link":"http:\/\/www.chapelle-crecy.com\/?p=1265","title":{"rendered":"Actualit\u00e9"},"content":{"rendered":"<p><a href=\"https:\/\/www.youtube.com\/watch?v=YuhdhH-vY2w\" target=\"blank\"><b>Messe de P\u00e2ques<\/a><\/b><\/p>\n<p><a href=\"https:\/\/www.youtube.com\/watch?v=RD-4Mj0uuZk\" target=\"blank\"><b>L&rsquo;office du samedi saint<\/a><\/b><\/p>\n<p><a href=\"https:\/\/www.youtube.com\/watch?v=TYgPa6JDTBw\" target=\"blank\"><b>L&rsquo;office de la passion<\/a><\/b><\/p>\n<p><a href=\"https:\/\/www.youtube.com\/watch?v=euQxOQt8zWY\" target=\"blank\"><b>Le chemin de croix<\/a><\/b><\/p>\n<p><a href=\"https:\/\/www.youtube.com\/watch?v=rHUnEhHQP5M\" target=\"blank\"><b>L&rsquo;office des t\u00e9n\u00e8bres, en ce matin de vendredi saint <\/a><\/b><\/p>\n<p><a href=\"https:\/\/www.youtube.com\/watch?v=In0tglKv9is\" target=\"blank\"><b>Messe du Jeudi saint<\/a><\/b><\/p>\n<p><a href=\"https:\/\/www.youtube.com\/watch?v=PwUDAOOickc\" target=\"blank\"><b>Messe de Rameaux<\/a><\/b><\/p>\n<div align=\"justify\">Quelques nouvelles (2 avril):<br \/>\n&#8211; Apr\u00e8s le confinement, les pr\u00eatres dioc\u00e9sains mettront en place, en paroisse, la b\u00e9n\u00e9diction des buis.<br \/>\n&#8211; Pour ceux qui souhaiteraient faire c\u00e9l\u00e9brer des messes \u00e0 des intentions particuli\u00e8res (d\u00e9funts, malades ou pour les soignants par exemple) le dioc\u00e8se \u00e0 mis en place des plateformes en ligne pour tous les p\u00f4les. Ces pages web permettent aussi de faire une offrande pour la qu\u00eate. <br \/>\nPour notre p\u00f4le : https:\/\/cathomeaux.fr\/wordpress\/deposer-une-intention-de-priere\/<br \/>\n <\/p>\n<p>Les messes en semaines sont annul\u00e9es et les ouvertures des \u00e9glises ne se feront plus aux heures habituelles des messes.<br \/>\nLes permanences accueil du presbyt\u00e8re habituellement assur\u00e9es les mercredis et samedis sont annul\u00e9es jusqu&rsquo;\u00e0 nouvel ordre dans le cadre des mesures de confinement actuel.<\/p>\n<p>Vous pouvez envoyer un courriel \u00e0 l&rsquo;adresse de la paroisse secretariatdes3clochers@orange.fr si vous avez une information \u00e0 demander plut\u00f4t que l&rsquo;appel au t\u00e9l\u00e9phone de la paroisse.<\/p>\n<p>Merci et bon chemin de Car\u00eame \u00e0 toutes et tous.<\/p>\n<p>La chaine My CathoMeaux diffuse des formations, pri\u00e8res, etc. Il suffit de s&rsquo;abonner en s&rsquo;enregistrant via le lien suivant : <a href=\"https:\/\/www.youtube.com\/channel\/UC9-zBY6c7X3l__NVJvixxBA\/?guided_help_flow=5\" target=\"blank\"><b>My CathoMeaux<\/b><\/a> pour \u00eatre alert\u00e9 des nouvelles publications.<\/p>\n<p>Mais vous pouvez d\u00e9j\u00e0 cliquer sur les vid\u00e9os sans s&rsquo;abonner. Merci au p\u00e8re Jean-Baptiste, Thierry et Philippe.\n<\/p><\/div>\n","protected":false},"excerpt":{"rendered":"<p>Messe de P\u00e2ques L&rsquo;office du samedi saint L&rsquo;office de la passion Le chemin de croix L&rsquo;office des t\u00e9n\u00e8bres, en ce matin de vendredi saint Messe du Jeudi saint Messe de Rameaux Quelques nouvelles (2&#46;&#46;&#46;<\/p>\n","protected":false},"author":2,"featured_media":0,"comment_status":"open","ping_status":"open","sticky":false,"template":"","format":"standard","meta":{"footnotes":""},"categories":[],"tags":[],"class_list":["post-1265","post","type-post","status-publish","format-standard","hentry"],"_links":{"self":[{"href":"http:\/\/www.chapelle-crecy.com\/index.php?rest_route=\/wp\/v2\/posts\/1265","targetHints":{"allow":["GET"]}}],"collection":[{"href":"http:\/\/www.chapelle-crecy.com\/index.php?rest_route=\/wp\/v2\/posts"}],"about":[{"href":"http:\/\/www.chapelle-crecy.com\/index.php?rest_route=\/wp\/v2\/types\/post"}],"author":[{"embeddable":true,"href":"http:\/\/www.chapelle-crecy.com\/index.php?rest_route=\/wp\/v2\/users\/2"}],"replies":[{"embeddable":true,"href":"http:\/\/www.chapelle-crecy.com\/index.php?rest_route=%2Fwp%2Fv2%2Fcomments&post=1265"}],"version-history":[{"count":0,"href":"http:\/\/www.chapelle-crecy.com\/index.php?rest_route=\/wp\/v2\/posts\/1265\/revisions"}],"wp:attachment":[{"href":"http:\/\/www.chapelle-crecy.com\/index.php?rest_route=%2Fwp%2Fv2%2Fmedia&parent=1265"}],"wp:term":[{"taxonomy":"category","embeddable":true,"href":"http:\/\/www.chapelle-crecy.com\/index.php?rest_route=%2Fwp%2Fv2%2Fcategories&post=1265"},{"taxonomy":"post_tag","embeddable":true,"href":"http:\/\/www.chapelle-crecy.com\/index.php?rest_route=%2Fwp%2Fv2%2Ftags&post=1265"}],"curies":[{"name":"wp","href":"https:\/\/api.w.org\/{rel}","templated":true}]}}