{"id":1268,"date":"2020-03-21T20:12:27","date_gmt":"2020-03-21T20:12:27","guid":{"rendered":""},"modified":"-0001-11-30T00:00:00","modified_gmt":"-0001-11-29T22:00:00","slug":"","status":"publish","type":"post","link":"http:\/\/www.chapelle-crecy.com\/?p=1268","title":{"rendered":"Le d\u00e9calogue de la s\u00e9r\u00e9nit\u00e9 de saint Jean XXIII"},"content":{"rendered":"<p>A m\u00e9diter&#8230; chaque jour !<\/p>\n<div align=\"justify\">\n1 \u201c Rien qu&rsquo;aujourd&rsquo;hui, j&rsquo;essaierai de vivre, exclusivement la journ\u00e9e sans tenter de r\u00e9soudre le probl\u00e8me de toute ma vie.  <\/p>\n<p>2. Rien qu&rsquo;aujourd&rsquo;hui, je porterai mon plus grand soin \u00e0\u00a0 mon apparence courtoise et \u00e0\u00a0 mes mani\u00e8res. Je ne critiquerai personne et ne pr\u00e9tendrai redresser ou discipliner personne si ce n&rsquo;est moi-m\u00eame.<\/p>\n<p>3. Je serai heureux, rien qu&rsquo;aujourd&rsquo;hui, dans la certitude d&rsquo;avoir \u00e9t\u00e9 cr\u00e9\u00e9 pour le bonheur,non seulement dans l&rsquo;autre monde mais \u00e9galement dans celui-ci<\/p>\n<p>4. Rien qu&rsquo;aujourd&rsquo;hui, Je m&rsquo;adapterai aux circonstances, sans pr\u00e9tendre que celles-ci se plient \u00e0\u00a0 tous mes d\u00e9sirs.<\/p>\n<p>5. Rien qu&rsquo;aujourd&rsquo;hui, je consacrerai dix minutes \u00e0\u00a0 la bonne lecture en me souvenant que comme la nourriture est n\u00e9cessaire au corps, la bonne lecture est n\u00e9cessaire \u00e0\u00a0 la vie de l&rsquo; me.<\/p>\n<p>6. Rien qu&rsquo;aujourd&rsquo;hui, je ferai une bonne action et n&rsquo;en parlerai \u00e0\u00a0 personne.<\/p>\n<p>7. Rien qu&rsquo;aujourd&rsquo;hui, je ferai au moins une chose que je n&rsquo;ai pas envie de faire; et si j&rsquo;\u00e9tais offens\u00e9, j&rsquo;essaierai que personne ne le sache.<\/p>\n<p>8. Rien qu&rsquo;aujourd&rsquo;hui, j&rsquo;\u00e9tablirai un programme d\u00e9taill\u00e9 de ma journ\u00e9e Je ne m&rsquo;en acquitterai peut-\u00eatre pas enti\u00e8rement, mais je le r\u00e9digerai et me garderai de deux calamit\u00e9s : la h te et l&rsquo;ind\u00e9cision.<\/p>\n<p>9. Rien qu&rsquo;aujourd&rsquo;hui, je croirai fermement, &#8211; m\u00eame si les circonstances prouvent le contraire -que la bonne providence de Dieu s&rsquo;occupe de moi comme si rien d&rsquo;autre n&rsquo;existait au monde<\/p>\n<p>10. Rien qu&rsquo;aujourd&rsquo;hui, je ne craindrai pas. Et tout sp\u00e9cialement, je n&rsquo;aurai pas peur d&rsquo;appr\u00e9cier ce qui est beau et de croire en la bont\u00e9.<\/p>\n<p>Je suis en mesure de le faire bien pendant douze heures, ce qui ne saurait pas me d\u00e9courager, comme si je pensais que je dois le faire toute ma vie durant.<\/p>\n<p>Saint Jean XXIII<\/p><\/div>\n","protected":false},"excerpt":{"rendered":"<p>A m\u00e9diter&#8230; chaque jour ! 1 \u201c Rien qu&rsquo;aujourd&rsquo;hui, j&rsquo;essaierai de vivre, exclusivement la journ\u00e9e sans tenter de r\u00e9soudre le probl\u00e8me de toute ma vie. 2. Rien qu&rsquo;aujourd&rsquo;hui, je porterai mon plus grand soin&#46;&#46;&#46;<\/p>\n","protected":false},"author":2,"featured_media":0,"comment_status":"open","ping_status":"open","sticky":false,"template":"","format":"standard","meta":{"footnotes":""},"categories":[],"tags":[],"class_list":["post-1268","post","type-post","status-publish","format-standard","hentry"],"_links":{"self":[{"href":"http:\/\/www.chapelle-crecy.com\/index.php?rest_route=\/wp\/v2\/posts\/1268","targetHints":{"allow":["GET"]}}],"collection":[{"href":"http:\/\/www.chapelle-crecy.com\/index.php?rest_route=\/wp\/v2\/posts"}],"about":[{"href":"http:\/\/www.chapelle-crecy.com\/index.php?rest_route=\/wp\/v2\/types\/post"}],"author":[{"embeddable":true,"href":"http:\/\/www.chapelle-crecy.com\/index.php?rest_route=\/wp\/v2\/users\/2"}],"replies":[{"embeddable":true,"href":"http:\/\/www.chapelle-crecy.com\/index.php?rest_route=%2Fwp%2Fv2%2Fcomments&post=1268"}],"version-history":[{"count":0,"href":"http:\/\/www.chapelle-crecy.com\/index.php?rest_route=\/wp\/v2\/posts\/1268\/revisions"}],"wp:attachment":[{"href":"http:\/\/www.chapelle-crecy.com\/index.php?rest_route=%2Fwp%2Fv2%2Fmedia&parent=1268"}],"wp:term":[{"taxonomy":"category","embeddable":true,"href":"http:\/\/www.chapelle-crecy.com\/index.php?rest_route=%2Fwp%2Fv2%2Fcategories&post=1268"},{"taxonomy":"post_tag","embeddable":true,"href":"http:\/\/www.chapelle-crecy.com\/index.php?rest_route=%2Fwp%2Fv2%2Ftags&post=1268"}],"curies":[{"name":"wp","href":"https:\/\/api.w.org\/{rel}","templated":true}]}}