{"id":1270,"date":"2020-04-02T20:40:10","date_gmt":"2020-04-02T20:40:10","guid":{"rendered":""},"modified":"-0001-11-30T00:00:00","modified_gmt":"-0001-11-29T22:00:00","slug":"","status":"publish","type":"post","link":"http:\/\/www.chapelle-crecy.com\/?p=1270","title":{"rendered":"La Passion du Christ en E-Cinema Dimanche des Rameaux et Vendredi Saint"},"content":{"rendered":"<div align=\"justify\">Comme vous le savez, nous devions ressortir au cin\u00e9ma La Passion du Christ de Mel Gibson pendant la semaine Sainte. Au vu des circonstances, nous sommes contraints d&rsquo;annuler ces s\u00e9ances en salles de cin\u00e9ma. Mais rassurez-vous, nous avons une solution pour permettre \u00e0\u00a0 chacun de vivre un Chemin de croix \u00e9mouvant, tout en restant chez soi, gr ce au : E CIN\u00e9MA !<\/p>\n<p>SAJE Distribution va programmer quelques s\u00e9ances du film en E-Cin\u00e9ma de La Passion du Christ pendant la semaine Sainte, sur une plateforme d\u00e9di\u00e9.<\/p>\n<p>Ces s\u00e9ances seront suivies d&rsquo;un temps de m\u00e9ditation anim\u00e9 par l&rsquo;abb\u00e9 Amar et par l&rsquo;abb\u00e9 Grosjean, du Padreblog. L&rsquo;id\u00e9e est de proposer un temps fort spirituel pendant la semaine Sainte, en plein confinement li\u00e9 au Covid-19, alors que les chr\u00e9tiens ne pourront se rendre dans les \u00e9glises cette ann\u00e9e pour c\u00e9l\u00e9brer P\u00e2ques.<\/p>\n<p>Voici les dates et horaires des 4 s\u00e9ances anim\u00e9es par le Padreblog :<br \/>\nDeux s\u00e9ances le Dimanche des Rameaux 5 avril :<br \/>\n&#8211; 1. 15h \u00e0\u00a0 17h30<br \/>\n&#8211; 2. 20h \u00e0\u00a0 22h30<\/p>\n<p>Chaque projection sera suivie d&rsquo;une intervention de l&rsquo;abb\u00e9 Grosjean (Padreblog) en lien avec le dimanche des Rameaux<\/p>\n<p>Deux s\u00e9ances le Vendredi Saint 10 avril :<br \/>\n&#8211; 1. 15h \u00e0\u00a0 17h30<br \/>\n&#8211; 2. 20h \u00e0\u00a0 22h30<br \/>\nChaque projection sera suivie d&rsquo;une intervention de l&rsquo;abb\u00e9 Pierre Amar (Padreblog) en lien avec le Vendredi Saint.<br \/>\nChaque foyer peut r\u00e9server son billet en ligne, 8 \u201a\u00ac, \u00e0\u00a0 la s\u00e9ance de son choix pour toutes les personnes pr\u00e9sentes dans la maison (pour m\u00e9moire : le film est interdit aux moins de 12 ans) en cliquant sur le lien suivant :<br \/>\n<a href=\"https:\/\/www.billetweb.fr\/pro\/lapassionduchrist?mc_cid=634f5fa762&#038;mc_eid=d3c9e9639b\" target=\"blank\"><b>RESERVATION EN LIGNE<\/div>\n<p><\/b><\/p>\n<p>L&rsquo;\u00e9quipe SAJE<\/p><\/div>\n<div align=\"center\"><img decoding=\"async\" src=\"\/IMG\/jpg\/passion_christ.jpg\"><\/div>\n","protected":false},"excerpt":{"rendered":"<p>Comme vous le savez, nous devions ressortir au cin\u00e9ma La Passion du Christ de Mel Gibson pendant la semaine Sainte. Au vu des circonstances, nous sommes contraints d&rsquo;annuler ces s\u00e9ances en salles de cin\u00e9ma.&#46;&#46;&#46;<\/p>\n","protected":false},"author":2,"featured_media":0,"comment_status":"open","ping_status":"open","sticky":false,"template":"","format":"standard","meta":{"footnotes":""},"categories":[],"tags":[],"class_list":["post-1270","post","type-post","status-publish","format-standard","hentry"],"_links":{"self":[{"href":"http:\/\/www.chapelle-crecy.com\/index.php?rest_route=\/wp\/v2\/posts\/1270","targetHints":{"allow":["GET"]}}],"collection":[{"href":"http:\/\/www.chapelle-crecy.com\/index.php?rest_route=\/wp\/v2\/posts"}],"about":[{"href":"http:\/\/www.chapelle-crecy.com\/index.php?rest_route=\/wp\/v2\/types\/post"}],"author":[{"embeddable":true,"href":"http:\/\/www.chapelle-crecy.com\/index.php?rest_route=\/wp\/v2\/users\/2"}],"replies":[{"embeddable":true,"href":"http:\/\/www.chapelle-crecy.com\/index.php?rest_route=%2Fwp%2Fv2%2Fcomments&post=1270"}],"version-history":[{"count":0,"href":"http:\/\/www.chapelle-crecy.com\/index.php?rest_route=\/wp\/v2\/posts\/1270\/revisions"}],"wp:attachment":[{"href":"http:\/\/www.chapelle-crecy.com\/index.php?rest_route=%2Fwp%2Fv2%2Fmedia&parent=1270"}],"wp:term":[{"taxonomy":"category","embeddable":true,"href":"http:\/\/www.chapelle-crecy.com\/index.php?rest_route=%2Fwp%2Fv2%2Fcategories&post=1270"},{"taxonomy":"post_tag","embeddable":true,"href":"http:\/\/www.chapelle-crecy.com\/index.php?rest_route=%2Fwp%2Fv2%2Ftags&post=1270"}],"curies":[{"name":"wp","href":"https:\/\/api.w.org\/{rel}","templated":true}]}}