{"id":1272,"date":"2020-04-07T08:13:00","date_gmt":"2020-04-07T08:13:00","guid":{"rendered":""},"modified":"-0001-11-30T00:00:00","modified_gmt":"-0001-11-29T22:00:00","slug":"","status":"publish","type":"post","link":"http:\/\/www.chapelle-crecy.com\/?p=1272","title":{"rendered":"M\u00e9ditation : Suivre J\u00e9sus de plus pr\u00e8s (Jn 13  21-38)"},"content":{"rendered":"<div align=justify>\nCet apr\u00e8s-midi, mardi 7 avril, \u00e0\u00a0 15 heures, comme chaque jour de la Semaine Sainte, en direct et avec possibilit\u00e9 d&rsquo;intervenir sur le \u00ab\u00a0chat\u00a0\u00bb, ou de regarder en diff\u00e9r\u00e9.<br \/>\nAujourd&rsquo;hui : \u00ab\u00a0Suivre J\u00e9sus de plus pr\u00e8s\u00a0\u00bb<br \/>\nTexte de r\u00e9f\u00e9rence : Jean 13<br \/>\nAvec le p\u00e8re Philippe Legrand, sur la cha\u00eene Youtube Mycathomeaux.\n<\/div>\n","protected":false},"excerpt":{"rendered":"<p>Cet apr\u00e8s-midi, mardi 7 avril, \u00e0\u00a0 15 heures, comme chaque jour de la Semaine Sainte, en direct et avec possibilit\u00e9 d&rsquo;intervenir sur le \u00ab\u00a0chat\u00a0\u00bb, ou de regarder en diff\u00e9r\u00e9. Aujourd&rsquo;hui : \u00ab\u00a0Suivre J\u00e9sus de&#46;&#46;&#46;<\/p>\n","protected":false},"author":2,"featured_media":0,"comment_status":"open","ping_status":"open","sticky":false,"template":"","format":"standard","meta":{"footnotes":""},"categories":[],"tags":[],"class_list":["post-1272","post","type-post","status-publish","format-standard","hentry"],"_links":{"self":[{"href":"http:\/\/www.chapelle-crecy.com\/index.php?rest_route=\/wp\/v2\/posts\/1272","targetHints":{"allow":["GET"]}}],"collection":[{"href":"http:\/\/www.chapelle-crecy.com\/index.php?rest_route=\/wp\/v2\/posts"}],"about":[{"href":"http:\/\/www.chapelle-crecy.com\/index.php?rest_route=\/wp\/v2\/types\/post"}],"author":[{"embeddable":true,"href":"http:\/\/www.chapelle-crecy.com\/index.php?rest_route=\/wp\/v2\/users\/2"}],"replies":[{"embeddable":true,"href":"http:\/\/www.chapelle-crecy.com\/index.php?rest_route=%2Fwp%2Fv2%2Fcomments&post=1272"}],"version-history":[{"count":0,"href":"http:\/\/www.chapelle-crecy.com\/index.php?rest_route=\/wp\/v2\/posts\/1272\/revisions"}],"wp:attachment":[{"href":"http:\/\/www.chapelle-crecy.com\/index.php?rest_route=%2Fwp%2Fv2%2Fmedia&parent=1272"}],"wp:term":[{"taxonomy":"category","embeddable":true,"href":"http:\/\/www.chapelle-crecy.com\/index.php?rest_route=%2Fwp%2Fv2%2Fcategories&post=1272"},{"taxonomy":"post_tag","embeddable":true,"href":"http:\/\/www.chapelle-crecy.com\/index.php?rest_route=%2Fwp%2Fv2%2Ftags&post=1272"}],"curies":[{"name":"wp","href":"https:\/\/api.w.org\/{rel}","templated":true}]}}