{"id":1273,"date":"2020-04-08T17:30:00","date_gmt":"2020-04-08T17:30:00","guid":{"rendered":""},"modified":"-0001-11-30T00:00:00","modified_gmt":"-0001-11-29T22:00:00","slug":"","status":"publish","type":"post","link":"http:\/\/www.chapelle-crecy.com\/?p=1273","title":{"rendered":"\u00ab\u00a0L&rsquo;amour n&rsquo;est pas aim\u00e9\u00a0\u00bb par le p\u00e8re Jean-Baptiste Pelletier"},"content":{"rendered":"<div align=justify>\nComme chaque jour de cette Semaine Sainte exceptionnelle, v\u00e9cue dans le confinement, cet apr\u00e8s-midi \u00e0\u00a0 15 heures, en direct et avec possibilit\u00e9 d&rsquo;intervenir sur le \u00ab\u00a0chat\u00a0\u00bb ou de regarder en diff\u00e9r\u00e9, aujourd&rsquo;hui, nous est propos\u00e9 sur la cha\u00eene youtube du dico\u00e8se de Meaux:<\/p>\n<p>l&rsquo;amour n&rsquo;est pas aim\u00e9<br \/>\nUn commentaire du p\u00e8re Jean-Baptiste Pelletier sur les \u00ab\u00a0Improp\u00e8res\u00a0\u00bb chant\u00e9es le Vendredi saint pendant l&rsquo;Office de la Passion.<\/p>\n<p>Vous savez d\u00e9sormais vous connecter sur la cha\u00eene \u00ab\u00a0My cathomeaux\u00a0\u00bb\n<\/p><\/div>\n","protected":false},"excerpt":{"rendered":"<p>Comme chaque jour de cette Semaine Sainte exceptionnelle, v\u00e9cue dans le confinement, cet apr\u00e8s-midi \u00e0\u00a0 15 heures, en direct et avec possibilit\u00e9 d&rsquo;intervenir sur le \u00ab\u00a0chat\u00a0\u00bb ou de regarder en diff\u00e9r\u00e9, aujourd&rsquo;hui, nous est&#46;&#46;&#46;<\/p>\n","protected":false},"author":2,"featured_media":0,"comment_status":"open","ping_status":"open","sticky":false,"template":"","format":"standard","meta":{"footnotes":""},"categories":[],"tags":[],"class_list":["post-1273","post","type-post","status-publish","format-standard","hentry"],"_links":{"self":[{"href":"http:\/\/www.chapelle-crecy.com\/index.php?rest_route=\/wp\/v2\/posts\/1273","targetHints":{"allow":["GET"]}}],"collection":[{"href":"http:\/\/www.chapelle-crecy.com\/index.php?rest_route=\/wp\/v2\/posts"}],"about":[{"href":"http:\/\/www.chapelle-crecy.com\/index.php?rest_route=\/wp\/v2\/types\/post"}],"author":[{"embeddable":true,"href":"http:\/\/www.chapelle-crecy.com\/index.php?rest_route=\/wp\/v2\/users\/2"}],"replies":[{"embeddable":true,"href":"http:\/\/www.chapelle-crecy.com\/index.php?rest_route=%2Fwp%2Fv2%2Fcomments&post=1273"}],"version-history":[{"count":0,"href":"http:\/\/www.chapelle-crecy.com\/index.php?rest_route=\/wp\/v2\/posts\/1273\/revisions"}],"wp:attachment":[{"href":"http:\/\/www.chapelle-crecy.com\/index.php?rest_route=%2Fwp%2Fv2%2Fmedia&parent=1273"}],"wp:term":[{"taxonomy":"category","embeddable":true,"href":"http:\/\/www.chapelle-crecy.com\/index.php?rest_route=%2Fwp%2Fv2%2Fcategories&post=1273"},{"taxonomy":"post_tag","embeddable":true,"href":"http:\/\/www.chapelle-crecy.com\/index.php?rest_route=%2Fwp%2Fv2%2Ftags&post=1273"}],"curies":[{"name":"wp","href":"https:\/\/api.w.org\/{rel}","templated":true}]}}