{"id":1275,"date":"2020-04-10T13:51:08","date_gmt":"2020-04-10T13:51:08","guid":{"rendered":""},"modified":"-0001-11-30T00:00:00","modified_gmt":"-0001-11-29T22:00:00","slug":"","status":"publish","type":"post","link":"http:\/\/www.chapelle-crecy.com\/?p=1275","title":{"rendered":"Chemin de Croix sur My Cathomeaux \u00e0\u00a0 15h"},"content":{"rendered":"<div align=\"justify\">En ce Vendredi Saint si particulier, pendant notre confinement, nous vous proposons aujourd&rsquo;hui une r\u00e9flexion du P\u00e8re Tony Wiertz. La photo du logo ci-jointe est la croix dans la chapelle de la maison des Augustines qui a \u00e9t\u00e9 pr\u00e9par\u00e9e  gr ce \u00e0\u00a0 Sr. Marie et ses consoeurs. Aujourd&rsquo;hui il n&rsquo;y aura pas de c\u00e9l\u00e9bration \u00e0\u00a0 cause de la temp\u00eate (confinement), sauf la diffusion \u00e0\u00a0 15h du Chemin de Croix sur la cha\u00eene My Cathomeaux ou Chemin de Croix en ligne organis\u00e9 par Le P\u00e9lerin.<br \/>\nPrions pour ceux qui sont enferm\u00e9s dans leur chambre, pour le personnel de la sant\u00e9 et ceux qui ont la lourde charge de la direction des EHPADs.\n<\/div>\n<p><a href=\"https:\/\/www.youtube.com\/watch?v=euQxOQt8zWY\" target=\"blank\"><b>Le chemin de croix, sur Youtube<\/div>\n<p><\/b><\/p>\n<div align=\"justify\">\n Dieu exprime sa puissance par la croix<\/p>\n<p> Cette puissance n&rsquo;a rien \u00e0 faire avec celle qui s&rsquo;exprime dans la domination des autres. Elles ne peut pas \u00eatre une expression d&rsquo;amour.<\/p>\n<p> La puissance de Dieu met l&rsquo;homme debout.<br \/>\n La puissance de Dieu rel\u00e8ve l&rsquo;homme.<br \/>\n C&rsquo;est l&rsquo;Amour-m\u00eame de Dieu qui est puissance.<\/p>\n<p> Cette puissance, J\u00e9sus l&rsquo;a manifest\u00e9e jusque dans la croix.<br \/>\n La mort n&rsquo;a aucune prise sur lui. Il est toujours le Vivant.<\/p>\n<p> Par sa mort, il a vaincu la mort<br \/>\n pour que les hommes puissent<br \/>\n na \u00eetre \u00e0 la vraie Vie.<\/p>\n<p> La tunique du Seigneur peut-elle \u00eatre divis\u00e9e?<\/p>\n<p> Apr\u00e8s la crucifixion, les soldats se partagent les v\u00eatements de J\u00e9sus. \u00ab Ils en firent quatre part, une pour chaque soldat \u00bb. Quand ils ont vu la tunique qui \u00e9tait sans couture, ils disent : \u00ab ne la d\u00e9chirons pas \u00bb. St. Jean a tenu \u00e0 mettre cet \u00e9v\u00e9nement en lumi\u00e8re. Pour bien des P\u00e8res de l&rsquo;Eglise, en particulier St. Cyprien, la tunique repr\u00e9sente l&rsquo;unit\u00e9 de l&rsquo;Eglise. Tr\u00e8s vite, nous avons tendance \u00e0 dire : aujourd&rsquo;hui, elle est divis\u00e9e : Catholiques, Orthodoxes, Anglicans, Protestants, adeptes de Mgr. Lefr\u00e8ve.<\/p>\n<p> La tunique, aujourd&rsquo;hui, est-elle divis\u00e9e ? Ce n&rsquo;est pas parce qu&rsquo;il y a plusieurs Eglises aujourd&rsquo;hui, que la tunique du Seigneur est divis\u00e9e. Les hommes peuvent diviser l&rsquo;Eglise dans ce qu&rsquo;elle a d&rsquo;humain et de visible. Cette unit\u00e9 a \u00e9t\u00e9 malmen\u00e9e par nos conflits, nos d\u00e9chirures. Par contre, aucun homme ne peut diviser son unit\u00e9 profonde. Cette unit\u00e9 profonde s&rsquo;identifie avec l&rsquo;Esprit-Saint. La tunique ne peut \u00eatre divis\u00e9e.<br \/>\n L&rsquo;unit\u00e9 profonde ne peut \u00eatre d\u00e9truite car c&rsquo;est l&rsquo;unit\u00e9-m\u00eame entre le P\u00e8re et le Fils. Les Soldats n&rsquo;ont pas divis\u00e9s la tunique, v\u00eatement qui est pr\u00e8s du corps . Par contre, ils ont divis\u00e9s en quatre le manteau. Cela veut bien dire que les hommes peuvent diviser l&rsquo;Eglise dans ce qu&rsquo;elle a d&rsquo;humain et de visible.<\/p>\n<p> L&rsquo;unit\u00e9 profonde est un don de Dieu. \u00ab L&rsquo;unit\u00e9 avec Dieu et avec mes fr\u00e8res et soeurs est un don qui vient d&rsquo;en haut, qui na \u00eet de la communion d&rsquo;amour entre le P\u00e8re et le Fils et l&rsquo;Esprit-Saint \u00bb (Beno \u00eet XVI, 25 janv. 2013)<br \/>\n Un jour, la pleine unit\u00e9 existera, quand Dieu voudra. Mais en attendant, pour que nous devenions capable de recevoir ce don faut-il encore se laisser faire par l&rsquo;Esprit-Saint afin que nous fassions des oeuvres d&rsquo;unit\u00e9.<br \/>\n Au cours de l&rsquo;Eucharistie, n&rsquo;h\u00e9sitons pas \u00e0 faire n\u00f4tre la demande apr\u00e8s la cons\u00e9cration que le pr\u00eatre fait au nom de l&rsquo;Assembl\u00e9e : \u00ab Humblement nous te demandons qu&rsquo;en ayant part au corps et au sang du Christ, nous soyons rassembl\u00e9s par l&rsquo;Esprit-Saint en un seul corps \u00bb. (P.E.2)\n<\/p><\/div>\n","protected":false},"excerpt":{"rendered":"<p>En ce Vendredi Saint si particulier, pendant notre confinement, nous vous proposons aujourd&rsquo;hui une r\u00e9flexion du P\u00e8re Tony Wiertz. La photo du logo ci-jointe est la croix dans la chapelle de la maison des&#46;&#46;&#46;<\/p>\n","protected":false},"author":2,"featured_media":0,"comment_status":"open","ping_status":"open","sticky":false,"template":"","format":"standard","meta":{"footnotes":""},"categories":[],"tags":[],"class_list":["post-1275","post","type-post","status-publish","format-standard","hentry"],"_links":{"self":[{"href":"http:\/\/www.chapelle-crecy.com\/index.php?rest_route=\/wp\/v2\/posts\/1275","targetHints":{"allow":["GET"]}}],"collection":[{"href":"http:\/\/www.chapelle-crecy.com\/index.php?rest_route=\/wp\/v2\/posts"}],"about":[{"href":"http:\/\/www.chapelle-crecy.com\/index.php?rest_route=\/wp\/v2\/types\/post"}],"author":[{"embeddable":true,"href":"http:\/\/www.chapelle-crecy.com\/index.php?rest_route=\/wp\/v2\/users\/2"}],"replies":[{"embeddable":true,"href":"http:\/\/www.chapelle-crecy.com\/index.php?rest_route=%2Fwp%2Fv2%2Fcomments&post=1275"}],"version-history":[{"count":0,"href":"http:\/\/www.chapelle-crecy.com\/index.php?rest_route=\/wp\/v2\/posts\/1275\/revisions"}],"wp:attachment":[{"href":"http:\/\/www.chapelle-crecy.com\/index.php?rest_route=%2Fwp%2Fv2%2Fmedia&parent=1275"}],"wp:term":[{"taxonomy":"category","embeddable":true,"href":"http:\/\/www.chapelle-crecy.com\/index.php?rest_route=%2Fwp%2Fv2%2Fcategories&post=1275"},{"taxonomy":"post_tag","embeddable":true,"href":"http:\/\/www.chapelle-crecy.com\/index.php?rest_route=%2Fwp%2Fv2%2Ftags&post=1275"}],"curies":[{"name":"wp","href":"https:\/\/api.w.org\/{rel}","templated":true}]}}