{"id":1276,"date":"2020-04-11T17:24:21","date_gmt":"2020-04-11T17:24:21","guid":{"rendered":""},"modified":"-0001-11-30T00:00:00","modified_gmt":"-0001-11-29T22:00:00","slug":"","status":"publish","type":"post","link":"http:\/\/www.chapelle-crecy.com\/?p=1276","title":{"rendered":"V\u00e9n\u00e9ration en direct sur KTO \u00e0\u00a0 17h du linceul de Turin"},"content":{"rendered":"<div align=\"justify\">Dans le contexte de la pand\u00e9mie de Covid-19 et \u00e0\u00a0 la demande de nombreux fid\u00e8les, Mgr Cesare Nosiglia, archev\u00eaque de Turin, a annonc\u00e9 que, via la t\u00e9l\u00e9vision et les r\u00e9seaux sociaux, \u00e0\u00a0 partir de ce samedi saint et jusqu&rsquo;au vendredi 17 avril, le linceul de Turin serait expos\u00e9.<br \/>\nDans la suite de cet article, retrouvez le sens du Samedi Saint expliqu\u00e9 par le p\u00e8re Thierry Leroy.\n<\/div>\n<div align=\"justify\">Que se passe-t-il ? Aujourd&rsquo;hui, grand silence sur la terre ; grand silence et ensuite solitude parce que le Roi sommeille. La terre a trembl\u00e9 et elle s&rsquo;est apais\u00e9e, parce que Dieu s&rsquo;est endormi dans la chair et il a \u00e9veill\u00e9 ceux qui dorment depuis les origines. Dieu est mort dans la chair et le s\u00e9jour des morts s&rsquo;est mis \u00e0 trembler.<br \/>\n C&rsquo;est le premier homme qu&rsquo;il va chercher, comme la brebis perdue. Il veut aussi visiter ceux qui demeurent dans les t\u00e9n\u00e8bres et dans l&rsquo;ombre de la mort. Oui. c&rsquo;est vers Adam captif, en m\u00eame temps que vers \u00c3\u02c6ve, captive elle aussi, que Dieu se dirige, et son Fils avec lui, pour les d\u00e9livrer de leurs douleurs.<br \/>\n (Hom\u00e9lie ancienne pour le Samedi saint, office des Lectures de ce jour).\n<\/div>\n","protected":false},"excerpt":{"rendered":"<p>Dans le contexte de la pand\u00e9mie de Covid-19 et \u00e0\u00a0 la demande de nombreux fid\u00e8les, Mgr Cesare Nosiglia, archev\u00eaque de Turin, a annonc\u00e9 que, via la t\u00e9l\u00e9vision et les r\u00e9seaux sociaux, \u00e0\u00a0 partir de&#46;&#46;&#46;<\/p>\n","protected":false},"author":2,"featured_media":0,"comment_status":"open","ping_status":"open","sticky":false,"template":"","format":"standard","meta":{"footnotes":""},"categories":[],"tags":[],"class_list":["post-1276","post","type-post","status-publish","format-standard","hentry"],"_links":{"self":[{"href":"http:\/\/www.chapelle-crecy.com\/index.php?rest_route=\/wp\/v2\/posts\/1276","targetHints":{"allow":["GET"]}}],"collection":[{"href":"http:\/\/www.chapelle-crecy.com\/index.php?rest_route=\/wp\/v2\/posts"}],"about":[{"href":"http:\/\/www.chapelle-crecy.com\/index.php?rest_route=\/wp\/v2\/types\/post"}],"author":[{"embeddable":true,"href":"http:\/\/www.chapelle-crecy.com\/index.php?rest_route=\/wp\/v2\/users\/2"}],"replies":[{"embeddable":true,"href":"http:\/\/www.chapelle-crecy.com\/index.php?rest_route=%2Fwp%2Fv2%2Fcomments&post=1276"}],"version-history":[{"count":0,"href":"http:\/\/www.chapelle-crecy.com\/index.php?rest_route=\/wp\/v2\/posts\/1276\/revisions"}],"wp:attachment":[{"href":"http:\/\/www.chapelle-crecy.com\/index.php?rest_route=%2Fwp%2Fv2%2Fmedia&parent=1276"}],"wp:term":[{"taxonomy":"category","embeddable":true,"href":"http:\/\/www.chapelle-crecy.com\/index.php?rest_route=%2Fwp%2Fv2%2Fcategories&post=1276"},{"taxonomy":"post_tag","embeddable":true,"href":"http:\/\/www.chapelle-crecy.com\/index.php?rest_route=%2Fwp%2Fv2%2Ftags&post=1276"}],"curies":[{"name":"wp","href":"https:\/\/api.w.org\/{rel}","templated":true}]}}