{"id":1277,"date":"2020-04-12T09:36:25","date_gmt":"2020-04-12T09:36:25","guid":{"rendered":""},"modified":"-0001-11-30T00:00:00","modified_gmt":"-0001-11-29T22:00:00","slug":"","status":"publish","type":"post","link":"http:\/\/www.chapelle-crecy.com\/?p=1277","title":{"rendered":"Christ est ressuscit\u00e9 ! Il est vraiment ressuscit\u00e9 ! All\u00e9luia !!!"},"content":{"rendered":"<div align=\"justify\">\nLe p\u00e8re Tony Wiertz nous rappelle les \u00e9v\u00e8nements de la r\u00e9surrection du Christ, nous livre sa r\u00e9flexion dans la suite de cet article et nous donne des indications pour bien vivre cette f\u00eate de P\u00e2ques \u00e0\u00a0 la maison dans le document joint \u00e0\u00a0 cet article. Bonnes f\u00eates de P\u00e2ques \u00e0\u00a0 vous tous.<\/p>\n<p>Marie-Madeleine trouve le tombeau vide<\/p>\n<p>Qui est Marie-Madeleine ? On la surnommait \u00ab Magdaleine \u00bb \u00bb car elle \u00e9tait originaire de Magdala situ\u00e9 au N.O.  du lac de Tib\u00e9riade. C&rsquo;est Luc (8, 2) qui nous raconte qu&rsquo;elle avait \u00e9t\u00e9 gu\u00e9rie d&rsquo;esprits mauvais. Elle vivait une vie de d\u00e9bauche.  Est-elle la femme p\u00e9cheresse pardonn\u00e9e de Luc ( (7, 36 sv) ?<br \/>\nElle a accompagn\u00e9e, avec d&rsquo;autres femmes, le dernier voyage de J\u00e9sus \u00e0\u00a0 J\u00e9rusalem. C&rsquo;est de loin qu&rsquo;elle a vu o\u00f9 on ensevelissait J\u00e9sus.<br \/>\nElle est incapable de faire le deuil et de tr\u00e8s bon matin elle vient au tombeau avec des aromates pour ensevelissement. En arrivant, la pierre du tombeau est roul\u00e9e. Le tombeau est vide. Qui a roul\u00e9 la pierre ? O\u00f9 est le corps ? Pour elle, on a enlev\u00e9 le corps.<br \/>\nSans h\u00e9sitation, elle va trouver les disciples Pierre et Jean et les avertit.<br \/>\nC&rsquo;est gr ce \u00e0\u00a0 une femme, ancienne p\u00e9cheresse et devenue disciple ( !) qui va communiquer l&rsquo;\u00e9v\u00e8nement aux disciples Pierre et Jean. Par-dessus tout, elle sera la premi\u00e8re \u00e0\u00a0 qui J\u00e9sus ressuscit\u00e9 appara\u00eetra !<br \/>\nAussit t, Pierre et Jean  vont voir. Ils courent. L&rsquo;un plus vite que l&rsquo;autre, car plus jeune.<br \/>\nLe jeune, Jean, voit les bandelettes bien pli\u00e9es. Pierre arrive et entre le premier.  Mais aucune r\u00e9action. Il regarde. C&rsquo;est tout. Ne se rappelle-t-il plus que le Seigneur lui avait bien dit qu&rsquo;il ressuscitera ? Ne se rappelle-t-il plus tout ce qu&rsquo;il a v\u00e9cu avec J\u00e9sus pendant trois ans ? Aucun signe de foi ne se manifeste chez lui en la r\u00e9surrection. Sa foi commence seulement \u00e0\u00a0 se manifester \u00e0\u00a0 la multiplication des poissons au lac de Tib\u00e9riade (cf. Jn. Ch.21). Heureusement, il y a Jean qui lui dit que \u00ab c&rsquo;est le Seigneur \u00bb. Alors ses yeux sur J\u00e9sus ressuscit\u00e9 commencent \u00e0\u00a0 s&rsquo;ouvrir.<br \/>\nJean, lui voit le tombeau vide. Il voit-, il croit.<br \/>\nC&rsquo;est en voyant les bandelettes bien pli\u00e9es qu&rsquo;il voit et qu&rsquo;il croit. C&rsquo;\u00e9tait pour lui le signe de la r\u00e9surrection. Lui, l&rsquo;ami de J\u00e9sus avait \u00e9t\u00e9 s\u00fbrement frapp\u00e9 par l&rsquo;histoire de Lazare. En sortant du tombeau, il est li\u00e9 avec les bandelettes. C&rsquo;est alors que J\u00e9sus dit : \u00ab D\u00e9liez-le et laissez-le aller \u00bb.  Jean en voyant dans le caveau les bandelettes bien rang\u00e9es, il croit que J\u00e9sus n&rsquo;est pas li\u00e9. Le mal n&rsquo;a pas de prise sur lui. Il n&rsquo;est pas mort. Il est vivant.\n<\/p><\/div>\n<div align=\"justify\">\n En Jean  (20, 11 sv), Marie-Madeleine est la premi\u00e8re personne \u00e0 qui J\u00e9sus ressuscit\u00e9 se pr\u00e9sente.   <\/p>\n<p> Apr\u00e8s avoir averti le disciples du tombeau vide, Marie-Madeleine est revenu. Tout en pleurant, elle finit par regarder dans le tombeau. L&rsquo;endroit o\u00f9 J\u00e9sus avait \u00e9t\u00e9 pos\u00e9 est encadr\u00e9 par deux anges comme il \u00e9tait encadr\u00e9 par deux bandits sur la croix. Les deux messagers lui disent : \u00ab Pourquoi pleures-tu \u00bb ? Ainsi lui est permis de dire sa peine : \u00ab On a enlev\u00e9 mon Seigneur et je ne sais o\u00f9 on l&rsquo;a mis \u00bb.<br \/>\n Aussit\u00f4t elle se retourne et en face d&rsquo;elle se trouve un homme. Elle ne sait qui c&rsquo;est. Pourtant c&rsquo;est J\u00e9sus qui lui pose la m\u00eame question : \u00ab Pourquoi pleures-tu ? Qui cherches-tu \u00bb ? Voil\u00e0 quelqu&rsquo;un qui est attentif \u00e0 elle et qui lui permet de dire sa souffrance. Elle croit que c&rsquo;est le jardinier et n&rsquo;h\u00e9site pas \u00e0 lui poser la question : \u00ab C&rsquo;est toi qui l&rsquo;a enlev\u00e9 ? Si oui, o\u00f9 tu l&rsquo;as mis \u00bb. La r\u00e9ponse qu&rsquo;elle re\u00e7oit \u00ab Marie \u00bb. Du coup sort de sa bouche \u00ab Rabbouni \u00bb (Ma \u00eetre ). Ses yeux s&rsquo;ouvrent au Christ ressuscit\u00e9.<br \/>\n Le Seigneur lui dit qu&rsquo;il va partir vers le P\u00e8re, \u00ab alors ne me retient pas \u00bb. Mais toi, va vers mes fr\u00e8res pour annoncer que je monte vers le P\u00e8re. Elle va et annonce qu&rsquo;elle a vu le Seigneur. Voil\u00e0 Marie-Madeleine premi\u00e8re ap\u00f4tre qui annonce aux ap\u00f4tres la r\u00e9surrection du Seigneur.<\/p>\n<p> En \u00e9crivant ce v\u00e9cu de Marie-Madeleine,  j&rsquo;ai vu en moi l&rsquo;humanit\u00e9 dans la temp\u00eate du virus.<br \/>\n Bien des hommes  se sentent abandonn\u00e9s par le Seigneur\u00e2\u20ac\u00a6 et pourtant\u00e2\u20ac\u00a6 Quand il y a des nuages devant le soleil on ne le voit pas\u00e2\u20ac\u00a6 pourtant il est l\u00e0\u00e2\u20ac\u00a6. derri\u00e8re le nuages.<br \/>\n Beaucoup pleurent : Seigneur o\u00f9 est tu ?<br \/>\n J&rsquo;esp\u00e8re que beaucoup de personnes, dans leur peine, se souviennent que le Seigneur dit : \u00ab Pourquoi pleurez-vous \u00bb ?<\/p>\n<div align=\"center\"------<\/div>\n<p> Les saintes femmes au s\u00e9pulcre (Cf. Luc)<\/p>\n<p> Ce sont celles qui avaient suivi J\u00e9sus. Ayant vu le tombeau o\u00f9 on avait d\u00e9pos\u00e9 le corps, elles sont parties pr\u00e9parer les aromates. Ayant respect\u00e9 le jour de repos, elles y vont le lendemain t\u00f4t. Elles trouvent un tombeau dont la pierre a \u00e9t\u00e9 roul\u00e9e. Un tombeau ouvert. Elles sont perplexes et aussit\u00f4t se trouvent devant elles deux hommes dans des habits \u00e9clatants. Du coup elles sont craintives mais elles entendent ces paroles : \u00ab Pourquoi donc cherchez-vous le vivant parmi les morts \u00bb ?  On leur rappelle ce que J\u00e9sus avait dit auparavant. Sans h\u00e9siter, elles vont trouver les ap\u00f4tres pour dire la grande nouvelle que J\u00e9sus est vivant. Ils ont du mal \u00e0 croire les femmes. Pierre, quand-m\u00eame, d\u00e9cide d&rsquo;aller voir et il trouve un tombeau vide. Il ne sait de quoi en penser. H\u00e9 oui, Pierre est toujours le m\u00eame ! Il lui faut du temps .<\/p>\n<div align=\"center\"------<\/div>\n<p> Ce m\u00eame jour, J\u00e9sus fait route avec les disciples d&rsquo;Emma\u00c3\u00bcs. (Luc. 24, 13 sv.)<\/p>\n<p> Deux hommes, le soir de P\u00e2que quittent J\u00e9rusalem. Ils retournent chez eux, \u00e0 Emma\u00c3\u00bcs qui est \u00e0 deux heures. Leur visage n&rsquo;est pas au beau fixe. Avec gravit\u00e9 ils se racontent les \u00e9v\u00e9nements v\u00e9cus. Ils sont d\u00e9\u00e7us. Ils ont de la peine. Ils avaient mis tout leur espoir en J\u00e9sus. Et voil\u00e0, c&rsquo;est fini.<br \/>\n J\u00e9sus s&rsquo;approche d&rsquo;eux avec d\u00e9licatesse. Il fait route avec eux. Les deux disciples ne le reconnaissent pas malgr\u00e9 les deux heures de route. J\u00e9sus voit bien leur pr\u00e9occupation, leur d\u00e9sarroi. Ils sont interloqu\u00e9s par cet \u00e9tranger qui leur pose la question de ce qui leur arrive.<br \/>\n \u00ab Vous ne savez donc pas ce qui est arriv\u00e9 \u00e0 J\u00e9rusalem \u00bb. Une fois qu&rsquo;ils ont exprim\u00e9s leur d\u00e9tresse, J\u00e9sus leur dit : \u00ab que votre coeur est lent \u00e0 croire \u00bb. Alors J\u00e9sus leur raconte toute l&rsquo;histoire sainte \u00e0 partir de Mo\u00efse. Cela a pris le temps jusqu&rsquo;\u00e0 l&rsquo;arriv\u00e9e \u00e0 Emma\u00c3\u00bcs. \u00ab Reste avec nous \u00bb<br \/>\nEt ils entrent dans l&rsquo;auberge Et voil\u00e0 que J\u00e9sus prend le pain, dit la b\u00e9n\u00e9diction. Il le rompit et le leur donna. Du coup, il n&rsquo;est plus l\u00e0. C&rsquo;est alors que leurs yeux s&rsquo;ouvrirent.Ils se l\u00e8vent aussit\u00f4t pour refaire le chemin \u00e0 J\u00e9rusalem et pour annoncer qu&rsquo;il est ressuscit\u00e9.<br \/>\n Nous retrouverons ce texte le 3\u00e8me dimanche de P\u00e2ques\n<\/p><\/div>\n","protected":false},"excerpt":{"rendered":"<p>Le p\u00e8re Tony Wiertz nous rappelle les \u00e9v\u00e8nements de la r\u00e9surrection du Christ, nous livre sa r\u00e9flexion dans la suite de cet article et nous donne des indications pour bien vivre cette f\u00eate de&#46;&#46;&#46;<\/p>\n","protected":false},"author":2,"featured_media":0,"comment_status":"open","ping_status":"open","sticky":false,"template":"","format":"standard","meta":{"footnotes":""},"categories":[],"tags":[],"class_list":["post-1277","post","type-post","status-publish","format-standard","hentry"],"_links":{"self":[{"href":"http:\/\/www.chapelle-crecy.com\/index.php?rest_route=\/wp\/v2\/posts\/1277","targetHints":{"allow":["GET"]}}],"collection":[{"href":"http:\/\/www.chapelle-crecy.com\/index.php?rest_route=\/wp\/v2\/posts"}],"about":[{"href":"http:\/\/www.chapelle-crecy.com\/index.php?rest_route=\/wp\/v2\/types\/post"}],"author":[{"embeddable":true,"href":"http:\/\/www.chapelle-crecy.com\/index.php?rest_route=\/wp\/v2\/users\/2"}],"replies":[{"embeddable":true,"href":"http:\/\/www.chapelle-crecy.com\/index.php?rest_route=%2Fwp%2Fv2%2Fcomments&post=1277"}],"version-history":[{"count":0,"href":"http:\/\/www.chapelle-crecy.com\/index.php?rest_route=\/wp\/v2\/posts\/1277\/revisions"}],"wp:attachment":[{"href":"http:\/\/www.chapelle-crecy.com\/index.php?rest_route=%2Fwp%2Fv2%2Fmedia&parent=1277"}],"wp:term":[{"taxonomy":"category","embeddable":true,"href":"http:\/\/www.chapelle-crecy.com\/index.php?rest_route=%2Fwp%2Fv2%2Fcategories&post=1277"},{"taxonomy":"post_tag","embeddable":true,"href":"http:\/\/www.chapelle-crecy.com\/index.php?rest_route=%2Fwp%2Fv2%2Ftags&post=1277"}],"curies":[{"name":"wp","href":"https:\/\/api.w.org\/{rel}","templated":true}]}}