{"id":1278,"date":"2020-04-14T09:55:00","date_gmt":"2020-04-14T09:55:00","guid":{"rendered":""},"modified":"-0001-11-30T00:00:00","modified_gmt":"-0001-11-29T22:00:00","slug":"","status":"publish","type":"post","link":"http:\/\/www.chapelle-crecy.com\/?p=1278","title":{"rendered":"Pri\u00e8re pour vaincre la pand\u00e9mie de Covid-19"},"content":{"rendered":"<div align=\"justify\">\nSeigneur,<\/p>\n<p>Envoie ton Esprit sur toutes les personnes de bonne volont\u00e9 pour que<br \/>\nnous r\u00e9ussissions tous ensemble \u00e0\u00a0 vaincre cette pand\u00e9mie de<br \/>\ncoronavirus.<\/p>\n<p>Nous te prions pour les personnels de sant\u00e9 qui soignent les malades,<br \/>\net pour les chercheurs afin qu&rsquo;ils trouvent les meilleurs rem\u00e8des.<\/p>\n<p>Nous te prions pour que les chefs d&rsquo;Etat et les gouvernements de tous<br \/>\nles pays prennent les meilleures d\u00e9cisions.<\/p>\n<p>Nous te prions pour que les administrations, les collectivit\u00e9s locales,<br \/>\nles entreprises, en France, en Europe et dans le monde, assurent la<br \/>\ncontinuit\u00e9 de leurs activit\u00e9s, ou pr\u00e9parent la reprise de leurs<br \/>\nactivit\u00e9s, en donnant la priorit\u00e9 \u00e0\u00a0 tout ce qui est essentiel, sans<br \/>\noublier les employ\u00e9s les plus fragiles. .<\/p>\n<p>Nous te prions pour que les associations et les personnes de bonne<br \/>\nvolont\u00e9 continuent d&rsquo;aider les plus fragiles : personnes sans abri,<br \/>\nmalades chroniques, personnes  g\u00e9es en EHPAD ou ailleurs<\/p>\n<p>Nous te prions pour les habitants des pays les plus pauvres de la<br \/>\nplan\u00e8te, pour que cette pand\u00e9mie les affecte le moins possible.<\/p>\n<p>Nous te demandons que les catholiques et les chr\u00e9tiens du monde entier<br \/>\ns&rsquo;unissent dans la pri\u00e8re et l&rsquo;action.<\/p>\n<p>Nous te prions pour que les maisons d&rsquo;Eglise de France ou d&rsquo;ailleurs<br \/>\nsoutiennent cet effort.\n<\/p><\/div>\n","protected":false},"excerpt":{"rendered":"<p>Seigneur, Envoie ton Esprit sur toutes les personnes de bonne volont\u00e9 pour que nous r\u00e9ussissions tous ensemble \u00e0\u00a0 vaincre cette pand\u00e9mie de coronavirus. Nous te prions pour les personnels de sant\u00e9 qui soignent les&#46;&#46;&#46;<\/p>\n","protected":false},"author":2,"featured_media":0,"comment_status":"open","ping_status":"open","sticky":false,"template":"","format":"standard","meta":{"footnotes":""},"categories":[],"tags":[],"class_list":["post-1278","post","type-post","status-publish","format-standard","hentry"],"_links":{"self":[{"href":"http:\/\/www.chapelle-crecy.com\/index.php?rest_route=\/wp\/v2\/posts\/1278","targetHints":{"allow":["GET"]}}],"collection":[{"href":"http:\/\/www.chapelle-crecy.com\/index.php?rest_route=\/wp\/v2\/posts"}],"about":[{"href":"http:\/\/www.chapelle-crecy.com\/index.php?rest_route=\/wp\/v2\/types\/post"}],"author":[{"embeddable":true,"href":"http:\/\/www.chapelle-crecy.com\/index.php?rest_route=\/wp\/v2\/users\/2"}],"replies":[{"embeddable":true,"href":"http:\/\/www.chapelle-crecy.com\/index.php?rest_route=%2Fwp%2Fv2%2Fcomments&post=1278"}],"version-history":[{"count":0,"href":"http:\/\/www.chapelle-crecy.com\/index.php?rest_route=\/wp\/v2\/posts\/1278\/revisions"}],"wp:attachment":[{"href":"http:\/\/www.chapelle-crecy.com\/index.php?rest_route=%2Fwp%2Fv2%2Fmedia&parent=1278"}],"wp:term":[{"taxonomy":"category","embeddable":true,"href":"http:\/\/www.chapelle-crecy.com\/index.php?rest_route=%2Fwp%2Fv2%2Fcategories&post=1278"},{"taxonomy":"post_tag","embeddable":true,"href":"http:\/\/www.chapelle-crecy.com\/index.php?rest_route=%2Fwp%2Fv2%2Ftags&post=1278"}],"curies":[{"name":"wp","href":"https:\/\/api.w.org\/{rel}","templated":true}]}}