{"id":128,"date":"2009-05-22T13:55:37","date_gmt":"2009-05-22T13:55:37","guid":{"rendered":""},"modified":"-0001-11-30T00:00:00","modified_gmt":"-0001-11-29T22:00:00","slug":"","status":"publish","type":"post","link":"http:\/\/www.chapelle-crecy.com\/?p=128","title":{"rendered":"Internautes et T\u00e9moins de l&rsquo;Evangile"},"content":{"rendered":"<table bgcolor =\"F0FAFF\" border=0>\n<tbody>\n<tr>\n<td>\n<div align=\"justify\">\n<div \"38\">Il est mon ami. Il est n\u00e9 dans le Lot-et-Garonne, mais il a fait sa vie \u00e0\u00a0 Lille. Nous nous sommes rencontr\u00e9s et nous nous sommes appr\u00e9ci\u00e9s \u00e0\u00a0 cause de notre passion commune: la presse paroissiale. Vous ne le connaissez certainement pas, et pourtant si vous \u00eates lecteur de l&rsquo;Echo de la Vall\u00e9e, vous avez d\u00e9j\u00e0\u00a0 lu ses articles succulents en page 2 du journal<\/div>\n<\/div>\n<\/td>\n<\/tr>\n<\/tbody>\n<\/table>\n<table bgcolor =\"F0FAFF\" border=0>\n<tbody>\n<tr>\n<td>\n<div align=\"justify\">Quand je l&rsquo;ai connu, il \u00e9tait pr\u00eatre, maintenant il est secr\u00e9taire g\u00e9n\u00e9ral adjoint \u00e0 la Conf\u00e9rence des Ev\u00eaques de France et responsable de la communication de la CEF. Je vous propose de lire attentivement l&rsquo;hom\u00e9lie que Monseigneur Bernard Podvin a pr\u00e9par\u00e9 \u00e0 l&rsquo;attention de tous les pr\u00eatres de France pour dimanche 24 mai, \u00e0 l&rsquo;occasion de la 43\u00e8me journ\u00e9e mondiale des communications sociales.<\/div>\n<p><\/p>\n<h5>Hom\u00e9lie<\/h5>\n<div align=\"justify\">\n\u00ab C&rsquo;est \u00e9tonnant comme notre soci\u00e9t\u00e9 a du mal \u00e0 r\u00e9glementer l&rsquo;usage d&rsquo;Internet \u00bb me dit cet \u00e9ducateur d\u00e9sabus\u00e9. L&rsquo;outil fascine indiscutablement, dans les deux sens du terme \u00ab fascination \u00bb. Attractif par son potentiel prodigieux indiscutable. Dangereux par la d\u00e9pendance qu&rsquo;il g\u00e9n\u00e8re. Quel est le parent, quel est le formateur, quel est le citoyen qui ne se trouvent sur cette ligne de cr\u00eate ? Utiliser la technologie, mais n&rsquo;\u00eatre pas instrumentalis\u00e9 par elle !<br \/>\nIl n&rsquo;est pas anodin que l&rsquo;Eglise catholique propose, en ce dimanche, que notre journ\u00e9e mondiale de la communication nous \u00e9veille, ou nous r\u00e9veille, sur ces enjeux. <br \/>\nPour le meilleur comme pour le pire, la boucle internet peut s&rsquo;av\u00e9rer la plus contributive \u00e0 la culture de l&rsquo;homme, comme la plus destructrice de son int\u00e9grit\u00e9. <br \/>\nLes lectures de ce dimanche nous procurent une cl\u00e9 de compr\u00e9hension spirituelle : le Christ ne d\u00e9sire pas que son P\u00e8re retire ses disciples du monde, mais rappelle vivement qu&rsquo;ils ne sont pas de ce monde (Jean 17) !<br \/>\nServir la communication sera toujours \u00e9couter l&rsquo;homme de ce temps, et, dans le m\u00eame mouvement, lui redire que son humanit\u00e9 n&rsquo;a pas vocation \u00e0 se clore sur elle-m\u00eame.<br \/>\nApre mission, surtout quant il faut la concr\u00e9tiser par la r\u00e9daction d&rsquo;un article, une participation sur les ondes, le lancement d&rsquo;un site\u00e2\u20ac\u00a6<br \/>\nNe pas \u00eatre retir\u00e9 du monde comme pour mieux attester \u00e0 ce monde que son bonheur est au-del\u00e0 de ce qu&rsquo;il con\u00e7oit. Mais redire \u00e0 ce monde format\u00e9 qu&rsquo;un autre langage est possible, celui de l&rsquo;Amour, celui dont parle Saint Jean en la seconde lecture : \u00ab Puisque Dieu nous a tant aim\u00e9s, nous devons aussi nous aimer les uns les autres \u00bb (1 Jean 4).<br \/>\nUne communication sans amour est vanit\u00e9 ! Elle se perd en strat\u00e9gie int\u00e9ress\u00e9e. L&rsquo;amour du fr\u00e8re, souvent galvaud\u00e9 dans une culture de l&rsquo;\u00e9ph\u00e9m\u00e8re, doit \u00eatre source vive du communicateur ! Alors les nouvelles fronti\u00e8res dessin\u00e9es par les technologies prennent sens. Car elles font place digne et honorable \u00e0 l&rsquo;homme. Sans ce respect profond de la vocation de l&rsquo;homme, la course technique est une performance qui flatterait l&rsquo;ego. <br \/>\nPour cela, la premi\u00e8re lecture nous rappelle l&rsquo;importance de la communaut\u00e9 chr\u00e9tienne. \u00ab Il faut que quelqu&rsquo;un devienne avec nous t\u00e9moins de la r\u00e9surrection \u00bb. L&rsquo;\u00e9lection de Matthias n&rsquo;est donc pas une formalit\u00e9 de remplacement. Elle agr\u00e8ge le croyant aux t\u00e9moins de J\u00e9sus. De m\u00eame que Saint Jean nous appelle \u00e0 aimer, le choix de Matthias nous appelle au don de tout notre \u00eatre (Actes, 1-15). Le communicateur qui croit, qui  aime et qui esp\u00e8re ne se r\u00e9duira jamais \u00e0 un virtuose qui surfe sur la toile. Il sera t\u00e9moin de quelqu&rsquo;un de plus grand que lui ! Plus que jamais, nous ne ferons rien sans l&rsquo;Eglise. La pastorale de la communication dans nos dioc\u00e8ses et nos communaut\u00e9s locales est engag\u00e9e de longue date sur les routes humaines. Elle est d\u00e9j\u00e0 au rendez vous de la cyber information. Les sites sont nombreux. La comp\u00e9tence est notable. Beaucoup de croyants sont de v\u00e9ritables \u00ab tisserands \u00bb sur la toile. Puisse la Pentec\u00f4te toute proche nous donner souffle pour devenir davantage des cyber \u00e9coutants, des cyber aimants, des cyber t\u00e9moins. \u00ab Nous attestons que le P\u00e8re a envoy\u00e9 son Fils comme Sauveur du monde \u00bb. Tel est le seul courriel que nous aurons inlassablement  bonheur \u00e0 recevoir et \u00e0 envoyer.<br \/>\n<br \/>\nLes \u00e9v\u00e9nements difficiles travers\u00e9s depuis plusieurs mois par la soci\u00e9t\u00e9 et par l&rsquo;Eglise confirment bien que la qualit\u00e9 d&rsquo;une communication est un enjeu d\u00e9ontologique et spirituel sans pr\u00e9c\u00e9dent.<br \/>\nJean-Paul II avait d\u00e9j\u00e0 discern\u00e9 que les m\u00e9dias doivent servir l&rsquo;homme et non l&rsquo;asservir.<br \/>\nEn ce dimanche, offrons au Christ la pauvret\u00e9 de notre coeur de communicant. Il le transfigurera de la joie pascale. Il affinera notre communication balbutiante. Il fortifiera nos propos h\u00e9sitants. Avec le Ressuscit\u00e9, proclamons toutes choses nouvelles !<br \/>\n<br \/>\nMgr PODVIN, Porte Parole des \u00e9v\u00eaques de France.<\/p>\n<p><i>Photo de Mgr Podvin : croire.com<\/i>\n<\/div>\n<\/td>\n<\/tr>\n<\/tbody>\n<\/table>\n","protected":false},"excerpt":{"rendered":"<p>Il est mon ami. Il est n\u00e9 dans le Lot-et-Garonne, mais il a fait sa vie \u00e0\u00a0 Lille. Nous nous sommes rencontr\u00e9s et nous nous sommes appr\u00e9ci\u00e9s \u00e0\u00a0 cause de notre passion commune: la&#46;&#46;&#46;<\/p>\n","protected":false},"author":2,"featured_media":0,"comment_status":"open","ping_status":"open","sticky":false,"template":"","format":"standard","meta":{"footnotes":""},"categories":[],"tags":[],"class_list":["post-128","post","type-post","status-publish","format-standard","hentry"],"_links":{"self":[{"href":"http:\/\/www.chapelle-crecy.com\/index.php?rest_route=\/wp\/v2\/posts\/128","targetHints":{"allow":["GET"]}}],"collection":[{"href":"http:\/\/www.chapelle-crecy.com\/index.php?rest_route=\/wp\/v2\/posts"}],"about":[{"href":"http:\/\/www.chapelle-crecy.com\/index.php?rest_route=\/wp\/v2\/types\/post"}],"author":[{"embeddable":true,"href":"http:\/\/www.chapelle-crecy.com\/index.php?rest_route=\/wp\/v2\/users\/2"}],"replies":[{"embeddable":true,"href":"http:\/\/www.chapelle-crecy.com\/index.php?rest_route=%2Fwp%2Fv2%2Fcomments&post=128"}],"version-history":[{"count":0,"href":"http:\/\/www.chapelle-crecy.com\/index.php?rest_route=\/wp\/v2\/posts\/128\/revisions"}],"wp:attachment":[{"href":"http:\/\/www.chapelle-crecy.com\/index.php?rest_route=%2Fwp%2Fv2%2Fmedia&parent=128"}],"wp:term":[{"taxonomy":"category","embeddable":true,"href":"http:\/\/www.chapelle-crecy.com\/index.php?rest_route=%2Fwp%2Fv2%2Fcategories&post=128"},{"taxonomy":"post_tag","embeddable":true,"href":"http:\/\/www.chapelle-crecy.com\/index.php?rest_route=%2Fwp%2Fv2%2Ftags&post=128"}],"curies":[{"name":"wp","href":"https:\/\/api.w.org\/{rel}","templated":true}]}}