{"id":1280,"date":"2020-05-15T21:22:11","date_gmt":"2020-05-15T21:22:11","guid":{"rendered":""},"modified":"-0001-11-30T00:00:00","modified_gmt":"-0001-11-29T22:00:00","slug":"","status":"publish","type":"post","link":"http:\/\/www.chapelle-crecy.com\/?p=1280","title":{"rendered":"L&rsquo;Echo de la Vall\u00e9e et le d\u00e9confinement"},"content":{"rendered":"<div align=justify>\nChers internautes, chers lecteurs du journal paroissial de l&rsquo;Echo de la Vall\u00e9e,<br \/>\nLe num\u00e9ro 292 de l&rsquo;Echo de la Vall\u00e9e n&rsquo;a pas pu \u00eatre imprim\u00e9 pendant la p\u00e9riode de confinement que nous venons de vivre, p\u00e9riode difficile li\u00e9 \u00e0\u00a0 l&rsquo;\u00e9pid\u00e9mie du Covd-19.<br \/>\nCependant, notre \u00e9quipe de r\u00e9daction avait pr\u00e9par\u00e9 un num\u00e9ro sp\u00e9cialement d\u00e9di\u00e9 \u00e0\u00a0 la sant\u00e9. Vous pourrez lire ce beau num\u00e9ro du temps de P\u00e2ques sur le kiosque num\u00e9rique qu&rsquo;a mis en place pour nous, notre editeur Bayard, en cliquant sur le lien suivant:<br \/>\n[https:\/\/www.journaux-paroissiaux.com\/] et passer avec la souris sur le mot \u00ab\u00a0kiosque\u00a0\u00bb puis cliquez pour voir l&rsquo;ensemble des journaux paroissiaux. Pour acc\u00e9der directement \u00e0\u00a0 votre journal pr\u00e9f\u00e9r\u00e9, \u00e0\u00a0 l&rsquo;aide de la molette de votre souris, allez  en dessous du pav\u00e9 \u00ab\u00a0Manifesto\u00a0\u00bb et tapez: Cr\u00e9cy-la-Chapelle, Quincy ou 77. Ou plus simplement, pour visualiser directement l&rsquo;Echo de la Vall\u00e9e de mai 2020, cliquez sur [https:\/\/www.journaux-paroissiaux.com\/@@search?SearchableText=crecy].<br \/>\nN&rsquo;h\u00e9sitez pas \u00e0\u00a0 diffuser ce lien \u00e0\u00a0 tous vos amis.<br \/>\nBonne lecture.<br \/>\nLe comit\u00e9 de r\u00e9daction de l&rsquo;Echo de la Vall\u00e9e<br \/>\nPS: vous pourrez trouver le document au format PDF en pi\u00e8ce jointe en bas de cet article.<\/div>\n","protected":false},"excerpt":{"rendered":"<p>Chers internautes, chers lecteurs du journal paroissial de l&rsquo;Echo de la Vall\u00e9e, Le num\u00e9ro 292 de l&rsquo;Echo de la Vall\u00e9e n&rsquo;a pas pu \u00eatre imprim\u00e9 pendant la p\u00e9riode de confinement que nous venons de&#46;&#46;&#46;<\/p>\n","protected":false},"author":2,"featured_media":0,"comment_status":"open","ping_status":"open","sticky":false,"template":"","format":"standard","meta":{"footnotes":""},"categories":[],"tags":[],"class_list":["post-1280","post","type-post","status-publish","format-standard","hentry"],"_links":{"self":[{"href":"http:\/\/www.chapelle-crecy.com\/index.php?rest_route=\/wp\/v2\/posts\/1280","targetHints":{"allow":["GET"]}}],"collection":[{"href":"http:\/\/www.chapelle-crecy.com\/index.php?rest_route=\/wp\/v2\/posts"}],"about":[{"href":"http:\/\/www.chapelle-crecy.com\/index.php?rest_route=\/wp\/v2\/types\/post"}],"author":[{"embeddable":true,"href":"http:\/\/www.chapelle-crecy.com\/index.php?rest_route=\/wp\/v2\/users\/2"}],"replies":[{"embeddable":true,"href":"http:\/\/www.chapelle-crecy.com\/index.php?rest_route=%2Fwp%2Fv2%2Fcomments&post=1280"}],"version-history":[{"count":0,"href":"http:\/\/www.chapelle-crecy.com\/index.php?rest_route=\/wp\/v2\/posts\/1280\/revisions"}],"wp:attachment":[{"href":"http:\/\/www.chapelle-crecy.com\/index.php?rest_route=%2Fwp%2Fv2%2Fmedia&parent=1280"}],"wp:term":[{"taxonomy":"category","embeddable":true,"href":"http:\/\/www.chapelle-crecy.com\/index.php?rest_route=%2Fwp%2Fv2%2Fcategories&post=1280"},{"taxonomy":"post_tag","embeddable":true,"href":"http:\/\/www.chapelle-crecy.com\/index.php?rest_route=%2Fwp%2Fv2%2Ftags&post=1280"}],"curies":[{"name":"wp","href":"https:\/\/api.w.org\/{rel}","templated":true}]}}