{"id":1284,"date":"2020-06-13T08:08:54","date_gmt":"2020-06-13T08:08:54","guid":{"rendered":""},"modified":"-0001-11-30T00:00:00","modified_gmt":"-0001-11-29T22:00:00","slug":"","status":"publish","type":"post","link":"http:\/\/www.chapelle-crecy.com\/?p=1284","title":{"rendered":"Cha\u00eene de pri\u00e8re pour le P\u00e8re Etienne-Marie"},"content":{"rendered":"<div align=\"justify\">En ce dimanche de la f\u00eate du Saint-Sacrement, la paroisse vous propose une intention de pri\u00e8re particuli\u00e8re: offrez dans le coeur de J\u00e9sus la vie et les souffrances du P\u00e8re Etienne-Marie. De son nom de bapt\u00eame, Dominique, \u00e2g\u00e9 \u00e0 peine de 60 ans, ce fils de Jean et Bernadette Buisset, famille embl\u00e9matique de Cr\u00e9cy, est actuellement souffrant. Formons une cha \u00eene de pri\u00e8re fervente autour de ce pr\u00eatre mourant qui comme ses six fr\u00e8res et  soeurs ont tous donn\u00e9 leur vie pour Dieu: berger de communaut\u00e9, religieuses, la\u00efque consacr\u00e9e, groupe de louanges, etc. Prions pour Etienne-Marie et toute sa famille si durement \u00e9prouv\u00e9e. Diffusez largement cette information autour de vous. Que Dieu vous b\u00e9nisse. <\/div>\n","protected":false},"excerpt":{"rendered":"<p>En ce dimanche de la f\u00eate du Saint-Sacrement, la paroisse vous propose une intention de pri\u00e8re particuli\u00e8re: offrez dans le coeur de J\u00e9sus la vie et les souffrances du P\u00e8re Etienne-Marie. De son nom&#46;&#46;&#46;<\/p>\n","protected":false},"author":2,"featured_media":0,"comment_status":"open","ping_status":"open","sticky":false,"template":"","format":"standard","meta":{"footnotes":""},"categories":[],"tags":[],"class_list":["post-1284","post","type-post","status-publish","format-standard","hentry"],"_links":{"self":[{"href":"http:\/\/www.chapelle-crecy.com\/index.php?rest_route=\/wp\/v2\/posts\/1284","targetHints":{"allow":["GET"]}}],"collection":[{"href":"http:\/\/www.chapelle-crecy.com\/index.php?rest_route=\/wp\/v2\/posts"}],"about":[{"href":"http:\/\/www.chapelle-crecy.com\/index.php?rest_route=\/wp\/v2\/types\/post"}],"author":[{"embeddable":true,"href":"http:\/\/www.chapelle-crecy.com\/index.php?rest_route=\/wp\/v2\/users\/2"}],"replies":[{"embeddable":true,"href":"http:\/\/www.chapelle-crecy.com\/index.php?rest_route=%2Fwp%2Fv2%2Fcomments&post=1284"}],"version-history":[{"count":0,"href":"http:\/\/www.chapelle-crecy.com\/index.php?rest_route=\/wp\/v2\/posts\/1284\/revisions"}],"wp:attachment":[{"href":"http:\/\/www.chapelle-crecy.com\/index.php?rest_route=%2Fwp%2Fv2%2Fmedia&parent=1284"}],"wp:term":[{"taxonomy":"category","embeddable":true,"href":"http:\/\/www.chapelle-crecy.com\/index.php?rest_route=%2Fwp%2Fv2%2Fcategories&post=1284"},{"taxonomy":"post_tag","embeddable":true,"href":"http:\/\/www.chapelle-crecy.com\/index.php?rest_route=%2Fwp%2Fv2%2Ftags&post=1284"}],"curies":[{"name":"wp","href":"https:\/\/api.w.org\/{rel}","templated":true}]}}