{"id":1286,"date":"2020-06-21T17:29:36","date_gmt":"2020-06-21T17:29:36","guid":{"rendered":""},"modified":"-0001-11-30T00:00:00","modified_gmt":"-0001-11-29T22:00:00","slug":"","status":"publish","type":"post","link":"http:\/\/www.chapelle-crecy.com\/?p=1286","title":{"rendered":"Annonces du 22 au 28 juin 2020"},"content":{"rendered":"<div align=\"justify\">Voici les annonces de la semaine du lundi 22 au dimanche 28 juin pour la paroisse des 3 clochers Cr\u00e9cy-la-Chapelle, Villiers-sur-Morin, Voulangis. <\/p>\n<p>Samedi 27 juin 2020 \u00e0\u00a0 18 h 30, messe \u00e0\u00a0 Voulangis,<br \/>\nDimanche 28 juin \u00e0\u00a0 9 h 45, messe \u00e0\u00a0 l&rsquo;\u00e9glise Saint-Georges de Cr\u00e9cy.<br \/>\n<br \/>\nTous les d\u00e9tails dans la suite &#8230;<\/div>\n<div align=\"center\">\n<table bgcolor =\"F0FFF6\" border=0>\n<tbody>\n<tr>\n<td width=400><font color=\"00CC00\"><\/p>\n<div align=\"center\">\n<b>Lundi 22 juin<\/b><br \/>\n<i>Saint Alban<\/i><br \/>\nPas de Messe en paroisse.<\/p>\n<p><b>Mardi 23 juin<\/b><br \/>\n18 h &#8211; Messe \u00e0 Cr\u00e9cy pour Jean REBEYROTTEvet Lucienne POUPLARD.<\/p>\n<p><b>Mercredi 24 juin<\/b><br \/>\n9 h &#8211; Messe \u00e0 Cr\u00e9cy pour Michel THIEBAULT et Andrea HUGIN.<br \/>\n20 h 30 &#8211; R\u00e9union de  l&rsquo;Equipe d&rsquo;Animation Pastorale.\n<\/div>\n<p><\/font><\/td>\n<td><font color=\"00CC00\"><\/p>\n<div align=\"center\"><img decoding=\"async\" src=\"\/IMG\/personnes\/alban.jpg\" width=200><br \/><i>Saint Alban<\/i><\/div>\n<p><\/font><\/td>\n<\/tr>\n<\/tbody>\n<\/table>\n<p><\/p>\n<table bgcolor =\"F0F0F6\" border=0>\n<tbody>\n<td><font color=\"0E0C40\"><\/p>\n<div align=\"center\"><img decoding=\"async\" src=\"\/IMG\/personnes\/irenee.jpg\" width=200><br \/><i>Saint Ir\u00e9n\u00e9e<\/i><\/div>\n<p><\/font><\/td>\n<td width=400><font color=\"0E0C40\"><\/p>\n<div align=\"center\">\n<b>Jeudi 25 juin<\/b><br \/>\n18 h &#8211; Messe \u00e0 Cr\u00e9cy pour Genevi\u00e8ve CROPAT et Ginette LUCAS.<\/p>\n<p><b>Vendredi 26 juin<\/b><br \/>\nPas de Messe en paroisse.<\/p>\n<p>\n<b>Samedi 27 juin<\/b><br \/>\n18 h 30 &#8211; Messe \u00e0 Voulangis pour Rancia MAYALA BOURRIN.<\/p>\n<p><b>Dimanche 28 juin<\/b><br \/>\n<i>Saint Ir\u00e9n\u00e9e<\/i><br \/>\n9 h 45 &#8211; Messe \u00e0 l&rsquo;\u00e9glise Saint-Georges de Cr\u00e9cy pour Pierre BEAUMONT.\n<\/div>\n<p><\/font><\/td>\n<\/tr>\n<\/tbody>\n<\/table>\n<p> \n<\/div>\n","protected":false},"excerpt":{"rendered":"<p>Voici les annonces de la semaine du lundi 22 au dimanche 28 juin pour la paroisse des 3 clochers Cr\u00e9cy-la-Chapelle, Villiers-sur-Morin, Voulangis. Samedi 27 juin 2020 \u00e0\u00a0 18 h 30, messe \u00e0\u00a0 Voulangis, Dimanche&#46;&#46;&#46;<\/p>\n","protected":false},"author":2,"featured_media":0,"comment_status":"open","ping_status":"open","sticky":false,"template":"","format":"standard","meta":{"footnotes":""},"categories":[],"tags":[],"class_list":["post-1286","post","type-post","status-publish","format-standard","hentry"],"_links":{"self":[{"href":"http:\/\/www.chapelle-crecy.com\/index.php?rest_route=\/wp\/v2\/posts\/1286","targetHints":{"allow":["GET"]}}],"collection":[{"href":"http:\/\/www.chapelle-crecy.com\/index.php?rest_route=\/wp\/v2\/posts"}],"about":[{"href":"http:\/\/www.chapelle-crecy.com\/index.php?rest_route=\/wp\/v2\/types\/post"}],"author":[{"embeddable":true,"href":"http:\/\/www.chapelle-crecy.com\/index.php?rest_route=\/wp\/v2\/users\/2"}],"replies":[{"embeddable":true,"href":"http:\/\/www.chapelle-crecy.com\/index.php?rest_route=%2Fwp%2Fv2%2Fcomments&post=1286"}],"version-history":[{"count":0,"href":"http:\/\/www.chapelle-crecy.com\/index.php?rest_route=\/wp\/v2\/posts\/1286\/revisions"}],"wp:attachment":[{"href":"http:\/\/www.chapelle-crecy.com\/index.php?rest_route=%2Fwp%2Fv2%2Fmedia&parent=1286"}],"wp:term":[{"taxonomy":"category","embeddable":true,"href":"http:\/\/www.chapelle-crecy.com\/index.php?rest_route=%2Fwp%2Fv2%2Fcategories&post=1286"},{"taxonomy":"post_tag","embeddable":true,"href":"http:\/\/www.chapelle-crecy.com\/index.php?rest_route=%2Fwp%2Fv2%2Ftags&post=1286"}],"curies":[{"name":"wp","href":"https:\/\/api.w.org\/{rel}","templated":true}]}}