{"id":1287,"date":"2020-06-26T09:27:03","date_gmt":"2020-06-26T09:27:03","guid":{"rendered":""},"modified":"-0001-11-30T00:00:00","modified_gmt":"-0001-11-29T22:00:00","slug":"","status":"publish","type":"post","link":"http:\/\/www.chapelle-crecy.com\/?p=1287","title":{"rendered":"Informations sur les prochaines messes de l&rsquo;\u00e9t\u00e9"},"content":{"rendered":"<div align=\"justify\">L&rsquo;Equipe d&rsquo;Animation Pastorale, r\u00e9unie mercredi soir, en accord avec les p\u00e8res Philippe Legrand et Peterson Dabel, vous informe que la messe de ce dimanche 28 juin se tiendra \u00e0 9h45 en l&rsquo;\u00e9glise saint Georges \u00e0 Cr\u00e9cy et non \u00e0 la Coll\u00e9giale, comme il \u00e9tait pr\u00e9vu. Des facilit\u00e9s d&rsquo;organisation nous ont amen\u00e9 \u00e0 faire ce choix. Nos excuses pour ce changement rapide. <\/p>\n<p>Les messes dominicales continueront ensuite \u00e0 se tenir en l&rsquo;\u00e9glise saint Georges \u00e0 9h45 pendant les mois de juillet et ao\u00fbt. Par contre, la messe de l&rsquo;Assomption, le samedi 15 ao\u00fbt, aura lieu \u00e0 la Coll\u00e9giale puisque messe pour toute la Vall\u00e9e du Grand Morin. Attention cette messe sera \u00e0 10h30.<\/p>\n<p>Nous vous informons \u00e9galement qu&rsquo;il n&rsquo;y aura pas de messe anticip\u00e9e du samedi soir \u00e0 Villiers et Voulangis pendant les deux mois d&rsquo;\u00e9t\u00e9, comme tous les ans (donc derni\u00e8re messe anticip\u00e9e demain soir samedi 27 juin \u00e0 Voulangis). Sauf pour le dernier samedi du mois d&rsquo;ao\u00fbt, le samedi 29 ao\u00fbt \u00e0 Voulangis \u00e0 18h30, qui sera la messe d&rsquo;au-revoir du p\u00e8re Philippe Legrand \u00e0 notre secteur. Il ne pouvait pas \u00eatre pr\u00e9sent le dimanche 30 ao\u00fbt sur notre secteur car il c\u00e9l\u00e9bre la messe \u00e0 la Cath\u00e9drale de Meaux le dimanche matin pour dire son au-revoir \u00e9galement \u00e0 la communaut\u00e9 meldoise.<\/p><\/div>\n","protected":false},"excerpt":{"rendered":"<p>L&rsquo;Equipe d&rsquo;Animation Pastorale, r\u00e9unie mercredi soir, en accord avec les p\u00e8res Philippe Legrand et Peterson Dabel, vous informe que la messe de ce dimanche 28 juin se tiendra \u00e0 9h45 en l&rsquo;\u00e9glise saint Georges&#46;&#46;&#46;<\/p>\n","protected":false},"author":2,"featured_media":0,"comment_status":"open","ping_status":"open","sticky":false,"template":"","format":"standard","meta":{"footnotes":""},"categories":[],"tags":[],"class_list":["post-1287","post","type-post","status-publish","format-standard","hentry"],"_links":{"self":[{"href":"http:\/\/www.chapelle-crecy.com\/index.php?rest_route=\/wp\/v2\/posts\/1287","targetHints":{"allow":["GET"]}}],"collection":[{"href":"http:\/\/www.chapelle-crecy.com\/index.php?rest_route=\/wp\/v2\/posts"}],"about":[{"href":"http:\/\/www.chapelle-crecy.com\/index.php?rest_route=\/wp\/v2\/types\/post"}],"author":[{"embeddable":true,"href":"http:\/\/www.chapelle-crecy.com\/index.php?rest_route=\/wp\/v2\/users\/2"}],"replies":[{"embeddable":true,"href":"http:\/\/www.chapelle-crecy.com\/index.php?rest_route=%2Fwp%2Fv2%2Fcomments&post=1287"}],"version-history":[{"count":0,"href":"http:\/\/www.chapelle-crecy.com\/index.php?rest_route=\/wp\/v2\/posts\/1287\/revisions"}],"wp:attachment":[{"href":"http:\/\/www.chapelle-crecy.com\/index.php?rest_route=%2Fwp%2Fv2%2Fmedia&parent=1287"}],"wp:term":[{"taxonomy":"category","embeddable":true,"href":"http:\/\/www.chapelle-crecy.com\/index.php?rest_route=%2Fwp%2Fv2%2Fcategories&post=1287"},{"taxonomy":"post_tag","embeddable":true,"href":"http:\/\/www.chapelle-crecy.com\/index.php?rest_route=%2Fwp%2Fv2%2Ftags&post=1287"}],"curies":[{"name":"wp","href":"https:\/\/api.w.org\/{rel}","templated":true}]}}