{"id":1288,"date":"2020-06-27T19:48:01","date_gmt":"2020-06-27T19:48:01","guid":{"rendered":""},"modified":"-0001-11-30T00:00:00","modified_gmt":"-0001-11-29T22:00:00","slug":"","status":"publish","type":"post","link":"http:\/\/www.chapelle-crecy.com\/?p=1288","title":{"rendered":"Annonces du 29 juin au 5 juillet 2020"},"content":{"rendered":"<div align=\"justify\">Voici les annonces de la semaine du lundi 29 juin au dimanche 5 juillet pour la paroisse des 3 clochers Cr\u00e9cy-la-Chapelle, Villiers-sur-Morin, Voulangis. <\/p>\n<p>Dimanche 5 juillet \u00e0\u00a0 9 h 45, messe \u00e0\u00a0 l&rsquo;\u00e9glise Saint-Georges de Cr\u00e9cy.<br \/>\n<br \/>\nTous les d\u00e9tails dans la suite &#8230;<\/div>\n<div align=\"center\">\n<table bgcolor =\"F0FFF6\" border=0>\n<tbody>\n<tr>\n<td width=400><font color=\"00CC00\"><\/p>\n<div align=\"center\">\n<b>Lundi 29 juin<\/b><br \/>\nPas de Messe en paroisse.<\/p>\n<p><b>Mardi 30 juin<\/b><br \/>\n<i>Saint Martial<\/i><br \/>\n18 h &#8211; Messe \u00e0 Cr\u00e9cy pour Michel BUHR et Mauricette ROUSSEAU.<\/p>\n<p><b>Mercredi 1er juillet<\/b><br \/>\n9 h &#8211; Messe \u00e0 Cr\u00e9cy pour Daniel AUMONT  et  Jacqueline DEPREZ.\n<\/div>\n<p><\/font><\/td>\n<td><font color=\"00CC00\"><\/p>\n<div align=\"center\"><img decoding=\"async\" src=\"\/IMG\/personnes\/martial.jpg\" width=200><br \/><i>Saint Martial<\/i><\/div>\n<p><\/font><\/td>\n<\/tr>\n<\/tbody>\n<\/table>\n<p><\/p>\n<table bgcolor =\"F0F0F6\" border=0>\n<tbody>\n<td><font color=\"0E0C40\"><\/p>\n<div align=\"center\"><img decoding=\"async\" src=\"\/IMG\/personnes\/thomas\n.jpg\" width=200><br \/><i>Saint Thomas<\/i><\/div>\n<p><\/font><\/td>\n<td width=400><font color=\"0E0C40\"><\/p>\n<div align=\"center\">\n<b>Jeudi 2 juillet<\/b><br \/>\n18 h &#8211; Messe \u00e0 Cr\u00e9cy pour la famille RONDEL.<\/p>\n<p><b>Vendredi 3 juillet<\/b><br \/>\n<i>Saint Thomas<\/i><br \/>\nPas de Messe en paroisse.<\/p>\n<p>\n<b>Samedi 4 juillet<\/b><br \/>\nPas de Messe en paroisse.<\/p>\n<p>\n<b>Dimanche 5 juillet<\/b><br \/>\n9 h 45 &#8211; Messe \u00e0 l&rsquo;\u00e9glise Saint-Georges de Cr\u00e9cy pour Jacques DE PENA et Liliane REVEL.\n<\/div>\n<p><\/font><\/td>\n<\/tr>\n<\/tbody>\n<\/table>\n<p> \n<\/div>\n","protected":false},"excerpt":{"rendered":"<p>Voici les annonces de la semaine du lundi 29 juin au dimanche 5 juillet pour la paroisse des 3 clochers Cr\u00e9cy-la-Chapelle, Villiers-sur-Morin, Voulangis. Dimanche 5 juillet \u00e0\u00a0 9 h 45, messe \u00e0\u00a0 l&rsquo;\u00e9glise Saint-Georges&#46;&#46;&#46;<\/p>\n","protected":false},"author":2,"featured_media":0,"comment_status":"open","ping_status":"open","sticky":false,"template":"","format":"standard","meta":{"footnotes":""},"categories":[],"tags":[],"class_list":["post-1288","post","type-post","status-publish","format-standard","hentry"],"_links":{"self":[{"href":"http:\/\/www.chapelle-crecy.com\/index.php?rest_route=\/wp\/v2\/posts\/1288","targetHints":{"allow":["GET"]}}],"collection":[{"href":"http:\/\/www.chapelle-crecy.com\/index.php?rest_route=\/wp\/v2\/posts"}],"about":[{"href":"http:\/\/www.chapelle-crecy.com\/index.php?rest_route=\/wp\/v2\/types\/post"}],"author":[{"embeddable":true,"href":"http:\/\/www.chapelle-crecy.com\/index.php?rest_route=\/wp\/v2\/users\/2"}],"replies":[{"embeddable":true,"href":"http:\/\/www.chapelle-crecy.com\/index.php?rest_route=%2Fwp%2Fv2%2Fcomments&post=1288"}],"version-history":[{"count":0,"href":"http:\/\/www.chapelle-crecy.com\/index.php?rest_route=\/wp\/v2\/posts\/1288\/revisions"}],"wp:attachment":[{"href":"http:\/\/www.chapelle-crecy.com\/index.php?rest_route=%2Fwp%2Fv2%2Fmedia&parent=1288"}],"wp:term":[{"taxonomy":"category","embeddable":true,"href":"http:\/\/www.chapelle-crecy.com\/index.php?rest_route=%2Fwp%2Fv2%2Fcategories&post=1288"},{"taxonomy":"post_tag","embeddable":true,"href":"http:\/\/www.chapelle-crecy.com\/index.php?rest_route=%2Fwp%2Fv2%2Ftags&post=1288"}],"curies":[{"name":"wp","href":"https:\/\/api.w.org\/{rel}","templated":true}]}}