{"id":1289,"date":"2020-07-04T11:53:18","date_gmt":"2020-07-04T11:53:18","guid":{"rendered":""},"modified":"-0001-11-30T00:00:00","modified_gmt":"-0001-11-29T22:00:00","slug":"","status":"publish","type":"post","link":"http:\/\/www.chapelle-crecy.com\/?p=1289","title":{"rendered":"D\u00e9c\u00e8s du p\u00e8re Etienne-Marie Buisset"},"content":{"rendered":"<table bgcolor =\"#A9A9A9\" border=0>\n<tbody>\n<tr>\n<td>\n<div align=\"justify\"><FONT color=\"#000000\"><br \/>\nNous avons la douleur de vous apprendre le d\u00e9c\u00e8s du p\u00e8re Etienne-Marie Buisset, survenu jeudi 2 juillet 2020 \u00e0 16h30.<br \/>\n Etienne-Marie, de son pr\u00e9nom de bapt\u00eame, Dominique a succomb\u00e9 des suites d&rsquo;une longue et douloureuse maladie.<\/p>\n<p>A toute sa famille qui a tant apport\u00e9 dans l&rsquo;\u00e9vang\u00e9lisation de la paroisse de Cr\u00e9cy pendant de nombreuses ann\u00e9es, la communaut\u00e9 paroissiale adresse ses sinc\u00e8res condol\u00e9ances et lui fait part de sa vive \u00e9motion face \u00e0 cette terrible \u00e9preuve. Nous prions pour lui, pour toute sa famille et ses proches.<\/p>\n<p> La c\u00e9l\u00e9bration de ses fun\u00e9railles aura lieu en la cath\u00e9drale St Gervais-St Protais de Soissons (02200), lundi 6 juillet \u00e0 14 h 30. La c\u00e9r\u00e9monie sera pr\u00e9sid\u00e9e par Mgr Renauld de Denichin, \u00e9v\u00eaque de Soissons. Son inhumation aura lieu au cimeti\u00e8re de Cr\u00e9cy-la-Chapelle aux alentours de 17h15. Il reposera pr\u00e8s de son p\u00e8re Jean, de son fr\u00e8re Jean-Bernard (Joseph) et de sa soeur Christine.<br \/>\n La c\u00e9l\u00e9bration sera film\u00e9e et retransmise sur le lien suivant :<\/p>\n<div class=\"video-container\"><iframe loading=\"lazy\" title=\"P\u00e8re Etienne-Marie\" width=\"500\" height=\"281\" src=\"https:\/\/www.youtube.com\/embed\/Wzom77u4Rr8?feature=oembed&#038;wmode=opaque\" frameborder=\"0\" allow=\"accelerometer; autoplay; clipboard-write; encrypted-media; gyroscope; picture-in-picture; web-share\" referrerpolicy=\"strict-origin-when-cross-origin\" allowfullscreen><\/iframe><\/div>\n<\/div>\n<p><\/FONT>\n<\/td>\n<\/tr>\n<\/tbody>\n<\/table>\n<p><\/body><\/p>\n","protected":false},"excerpt":{"rendered":"<p>Nous avons la douleur de vous apprendre le d\u00e9c\u00e8s du p\u00e8re Etienne-Marie Buisset, survenu jeudi 2 juillet 2020 \u00e0 16h30. Etienne-Marie, de son pr\u00e9nom de bapt\u00eame, Dominique a succomb\u00e9 des suites d&rsquo;une longue et&#46;&#46;&#46;<\/p>\n","protected":false},"author":2,"featured_media":0,"comment_status":"open","ping_status":"open","sticky":false,"template":"","format":"standard","meta":{"footnotes":""},"categories":[],"tags":[],"class_list":["post-1289","post","type-post","status-publish","format-standard","hentry"],"_links":{"self":[{"href":"http:\/\/www.chapelle-crecy.com\/index.php?rest_route=\/wp\/v2\/posts\/1289","targetHints":{"allow":["GET"]}}],"collection":[{"href":"http:\/\/www.chapelle-crecy.com\/index.php?rest_route=\/wp\/v2\/posts"}],"about":[{"href":"http:\/\/www.chapelle-crecy.com\/index.php?rest_route=\/wp\/v2\/types\/post"}],"author":[{"embeddable":true,"href":"http:\/\/www.chapelle-crecy.com\/index.php?rest_route=\/wp\/v2\/users\/2"}],"replies":[{"embeddable":true,"href":"http:\/\/www.chapelle-crecy.com\/index.php?rest_route=%2Fwp%2Fv2%2Fcomments&post=1289"}],"version-history":[{"count":0,"href":"http:\/\/www.chapelle-crecy.com\/index.php?rest_route=\/wp\/v2\/posts\/1289\/revisions"}],"wp:attachment":[{"href":"http:\/\/www.chapelle-crecy.com\/index.php?rest_route=%2Fwp%2Fv2%2Fmedia&parent=1289"}],"wp:term":[{"taxonomy":"category","embeddable":true,"href":"http:\/\/www.chapelle-crecy.com\/index.php?rest_route=%2Fwp%2Fv2%2Fcategories&post=1289"},{"taxonomy":"post_tag","embeddable":true,"href":"http:\/\/www.chapelle-crecy.com\/index.php?rest_route=%2Fwp%2Fv2%2Ftags&post=1289"}],"curies":[{"name":"wp","href":"https:\/\/api.w.org\/{rel}","templated":true}]}}