{"id":129,"date":"2009-05-24T08:29:00","date_gmt":"2009-05-24T08:29:00","guid":{"rendered":""},"modified":"2024-02-23T14:00:26","modified_gmt":"2024-02-23T13:00:26","slug":"operation-boites-pour-partager-reussie","status":"publish","type":"post","link":"http:\/\/www.chapelle-crecy.com\/?p=129","title":{"rendered":"Op\u00e9ration \u00ab Boites pour partager \u00bb r\u00e9ussie"},"content":{"rendered":"<table bgcolor =\"F0FAFF\" border=0>\n<tbody>\n<tr>\n<td>\n<div align=\"justify\">\n<div \"40\">Vendredi  15 et samedi  16 mai a eu lieu l&rsquo;op\u00e9ration de collecte du Secours Catholique \u00ab Boites pour partager \u00bb devant les magasins March\u00e9 Plus et Intermarch\u00e9 \u00e0\u00a0 Cr\u00e9cy. <\/div>\n<\/div>\n<\/td>\n<\/tr>\n<\/tbody>\n<\/table>\n<table bgcolor =\"F0FAFF\" border=0>\n<tbody>\n<tr>\n<td>\n<div align=\"justify\">\n<br \/>L&rsquo;antenne du Secours Catholique de Cr\u00e9cy remercie chaleureusement toutes les personnes qui, par leur g\u00e9n\u00e9rosit\u00e9, apr\u00e8s leur passage en caisse, ont partag\u00e9 une partie de leurs courses  pour les personnes en pr\u00e9carit\u00e9, transformant ainsi le caddie r\u00e9coltant les marchandises offertes en \u00ab caddie-cadeau \u00bb.<\/p>\n<p>5 m\u00e8tres-cubes de marchandises ont ainsi \u00e9t\u00e9 r\u00e9colt\u00e9es lors de ces 2 jours. Merci aussi aux b\u00e9n\u00e9voles qui se sont relay\u00e9s toutes les deux heures devant les magasins de 9h00 jusqu&rsquo;\u00e0 leur fermeture.\n<\/p><\/div>\n<div align=\"center\"><img decoding=\"async\" src=\"\/IMG\/reportages\/Boites_a_partager1.jpg\"><br \/><b>La collecte<\/b><\/div>\n<\/td>\n<\/tr>\n<\/tbody>\n<\/table>\n","protected":false},"excerpt":{"rendered":"<p>Vendredi 15 et samedi 16 mai a eu lieu l&rsquo;op\u00e9ration de collecte du Secours Catholique \u00ab Boites pour partager \u00bb devant les magasins March\u00e9 Plus et Intermarch\u00e9 \u00e0\u00a0 Cr\u00e9cy. L&rsquo;antenne du Secours Catholique de&#46;&#46;&#46;<\/p>\n","protected":false},"author":2,"featured_media":0,"comment_status":"open","ping_status":"open","sticky":false,"template":"","format":"standard","meta":{"footnotes":""},"categories":[1],"tags":[],"class_list":["post-129","post","type-post","status-publish","format-standard","hentry","category-non-classe"],"_links":{"self":[{"href":"http:\/\/www.chapelle-crecy.com\/index.php?rest_route=\/wp\/v2\/posts\/129","targetHints":{"allow":["GET"]}}],"collection":[{"href":"http:\/\/www.chapelle-crecy.com\/index.php?rest_route=\/wp\/v2\/posts"}],"about":[{"href":"http:\/\/www.chapelle-crecy.com\/index.php?rest_route=\/wp\/v2\/types\/post"}],"author":[{"embeddable":true,"href":"http:\/\/www.chapelle-crecy.com\/index.php?rest_route=\/wp\/v2\/users\/2"}],"replies":[{"embeddable":true,"href":"http:\/\/www.chapelle-crecy.com\/index.php?rest_route=%2Fwp%2Fv2%2Fcomments&post=129"}],"version-history":[{"count":1,"href":"http:\/\/www.chapelle-crecy.com\/index.php?rest_route=\/wp\/v2\/posts\/129\/revisions"}],"predecessor-version":[{"id":1511,"href":"http:\/\/www.chapelle-crecy.com\/index.php?rest_route=\/wp\/v2\/posts\/129\/revisions\/1511"}],"wp:attachment":[{"href":"http:\/\/www.chapelle-crecy.com\/index.php?rest_route=%2Fwp%2Fv2%2Fmedia&parent=129"}],"wp:term":[{"taxonomy":"category","embeddable":true,"href":"http:\/\/www.chapelle-crecy.com\/index.php?rest_route=%2Fwp%2Fv2%2Fcategories&post=129"},{"taxonomy":"post_tag","embeddable":true,"href":"http:\/\/www.chapelle-crecy.com\/index.php?rest_route=%2Fwp%2Fv2%2Ftags&post=129"}],"curies":[{"name":"wp","href":"https:\/\/api.w.org\/{rel}","templated":true}]}}