{"id":1291,"date":"2020-07-11T23:04:07","date_gmt":"2020-07-11T23:04:07","guid":{"rendered":""},"modified":"-0001-11-30T00:00:00","modified_gmt":"-0001-11-29T22:00:00","slug":"","status":"publish","type":"post","link":"http:\/\/www.chapelle-crecy.com\/?p=1291","title":{"rendered":"Annonces du 13 au 19 juillet 2020"},"content":{"rendered":"<div align=\"justify\">Voici les annonces de la semaine du lundi 13 au dimanche 19 juillet pour la paroisse des 3 clochers Cr\u00e9cy-la-Chapelle, Villiers-sur-Morin, Voulangis. <\/p>\n<p>Dimanche 19 juillet \u00e0\u00a0 9 h 45, messe \u00e0\u00a0 l&rsquo;\u00e9glise Saint-Georges de Cr\u00e9cy.<br \/>\n<br \/>\nTous les d\u00e9tails dans la suite &#8230;<\/div>\n<div align=\"center\">\n<table bgcolor =\"F0FFF6\" border=0>\n<tbody>\n<tr>\n<td width=400><font color=\"00CC00\"><\/p>\n<div align=\"center\">\n<b>Lundi 13 juillet<\/b><br \/>\n<i>Saint Henri<\/i><br \/>\nPas de Messe en paroisse.<\/p>\n<p><b>Mardi 14 juillet<\/b><br \/>\n18 h &#8211; Messe \u00e0 Cr\u00e9cy pour Lucien DELABOUGLISE.<\/p>\n<p><b>Mercredi 15 juillet<\/b><br \/>\n9 h &#8211; Messe \u00e0 Cr\u00e9cy pour Jean-Ren\u00e9 CHILLY.\n<\/div>\n<p><\/font><\/td>\n<td><font color=\"00CC00\"><\/p>\n<div align=\"center\"><img decoding=\"async\" src=\"\/IMG\/personnes\/henri.jpg\" width=200><br \/><i>Saint Henri<\/i><\/div>\n<p><\/font><\/td>\n<\/tr>\n<\/tbody>\n<\/table>\n<p><\/p>\n<table bgcolor =\"F0F0F6\" border=0>\n<tbody>\n<td><font color=\"0E0C40\"><\/p>\n<div align=\"center\"><img decoding=\"async\" src=\"\/IMG\/personnes\/frederic\n.jpg\" width=200><br \/><i>Saint Fr\u00e9d\u00e9ric<\/i><\/div>\n<p><\/font><\/td>\n<td width=400><font color=\"0E0C40\"><\/p>\n<div align=\"center\">\n<b>Jeudi 16 juillet<\/b><\/p>\n<p>18 h &#8211; Messe \u00e0 Cr\u00e9cy pour G\u00e9rard DUBOIS.<\/p>\n<p><b>Vendredi 17 juillet<\/b><br \/>\nPas de Messe en paroisse.<\/p>\n<p>\n<b>Samedi 18 juillet<\/b><br \/>\n<i>Saint Fr\u00e9d\u00e9ric<\/i><br \/>\nPas de Messe en paroisse le samedi soir durant les mois de juillet et ao\u00fbt.<\/p>\n<p>\n<b>Dimanche 19 juillet<\/b><br \/>\n9 h 45 &#8211; Messe \u00e0 St Georges  pour  Paul Raoul BOYER, Mama et Mariam BIO, Adolphe SAGBO et Robert ELEGBO.<br \/>\nNous prions aussi pour Bernard VALLET inhum\u00e9 cette semaine.\n<\/div>\n<p><\/font><\/td>\n<\/tr>\n<\/tbody>\n<\/table>\n<p> \n<\/div>\n","protected":false},"excerpt":{"rendered":"<p>Voici les annonces de la semaine du lundi 13 au dimanche 19 juillet pour la paroisse des 3 clochers Cr\u00e9cy-la-Chapelle, Villiers-sur-Morin, Voulangis. Dimanche 19 juillet \u00e0\u00a0 9 h 45, messe \u00e0\u00a0 l&rsquo;\u00e9glise Saint-Georges de&#46;&#46;&#46;<\/p>\n","protected":false},"author":2,"featured_media":0,"comment_status":"open","ping_status":"open","sticky":false,"template":"","format":"standard","meta":{"footnotes":""},"categories":[],"tags":[],"class_list":["post-1291","post","type-post","status-publish","format-standard","hentry"],"_links":{"self":[{"href":"http:\/\/www.chapelle-crecy.com\/index.php?rest_route=\/wp\/v2\/posts\/1291","targetHints":{"allow":["GET"]}}],"collection":[{"href":"http:\/\/www.chapelle-crecy.com\/index.php?rest_route=\/wp\/v2\/posts"}],"about":[{"href":"http:\/\/www.chapelle-crecy.com\/index.php?rest_route=\/wp\/v2\/types\/post"}],"author":[{"embeddable":true,"href":"http:\/\/www.chapelle-crecy.com\/index.php?rest_route=\/wp\/v2\/users\/2"}],"replies":[{"embeddable":true,"href":"http:\/\/www.chapelle-crecy.com\/index.php?rest_route=%2Fwp%2Fv2%2Fcomments&post=1291"}],"version-history":[{"count":0,"href":"http:\/\/www.chapelle-crecy.com\/index.php?rest_route=\/wp\/v2\/posts\/1291\/revisions"}],"wp:attachment":[{"href":"http:\/\/www.chapelle-crecy.com\/index.php?rest_route=%2Fwp%2Fv2%2Fmedia&parent=1291"}],"wp:term":[{"taxonomy":"category","embeddable":true,"href":"http:\/\/www.chapelle-crecy.com\/index.php?rest_route=%2Fwp%2Fv2%2Fcategories&post=1291"},{"taxonomy":"post_tag","embeddable":true,"href":"http:\/\/www.chapelle-crecy.com\/index.php?rest_route=%2Fwp%2Fv2%2Ftags&post=1291"}],"curies":[{"name":"wp","href":"https:\/\/api.w.org\/{rel}","templated":true}]}}