{"id":1293,"date":"2020-07-26T20:16:41","date_gmt":"2020-07-26T20:16:41","guid":{"rendered":""},"modified":"-0001-11-30T00:00:00","modified_gmt":"-0001-11-29T22:00:00","slug":"","status":"publish","type":"post","link":"http:\/\/www.chapelle-crecy.com\/?p=1293","title":{"rendered":"Annonces du 27 juillet au 9 aout 2020"},"content":{"rendered":"<div align=\"justify\">Voici les annonces de la p\u00e9riode du lundi 27 juillet au dimanche 9 aout pour la paroisse des 3 clochers Cr\u00e9cy-la-Chapelle, Villiers-sur-Morin, Voulangis. <\/p>\n<p>Dimanche 2 aout \u00e0\u00a0 9 h 45, messe \u00e0\u00a0 l&rsquo;\u00e9glise Saint-Georges de Cr\u00e9cy.<br \/>\nDimanche 9 aout \u00e0\u00a0 9 h 45, messe \u00e0\u00a0 l&rsquo;\u00e9glise Saint-Georges de Cr\u00e9cy.<br \/>\n<br \/>\nTous les d\u00e9tails dans la suite &#8230;<\/div>\n<div align=\"center\">\n<table bgcolor =\"F0FFF6\" border=0>\n<tbody>\n<tr>\n<td width=400><font color=\"00CC00\"><\/p>\n<div align=\"center\">\n<b>Mardi 28 juillet<\/b><br \/>\n18 h &#8211; Messe \u00e0 Cr\u00e9cy pour Lucette BORNIER.<\/p>\n<p><b>Jeudi 30 juillet<\/b><br \/>\n<i>Sainte Juliette de C\u00e9sar\u00e9e<\/i><br \/>\n18 h &#8211; Messe \u00e0 Cr\u00e9cy.<\/p>\n<p>\n<b>Dimanche 2 aout<\/b><br \/>\n9 h 45 &#8211; Messe \u00e0 St Georges.\n<\/div>\n<p><\/font><\/td>\n<td><font color=\"00CC00\"><\/p>\n<div align=\"center\"><img decoding=\"async\" src=\"\/IMG\/personnes\/juliette.jpg\" width=200><br \/><i>Sainte Juliette de C\u00e9sar\u00e9e<\/i><\/div>\n<p><\/font><\/td>\n<\/tr>\n<\/tbody>\n<\/table>\n<p><\/p>\n<table bgcolor =\"F0F0F6\" border=0>\n<tbody>\n<td><font color=\"0E0C40\"><\/p>\n<div align=\"center\"><img decoding=\"async\" src=\"\/IMG\/personnes\/abel.jpg\" width=200><br \/><i>Saint Abel<\/i><\/div>\n<p><\/font><\/td>\n<td width=400><font color=\"0E0C40\"><\/p>\n<div align=\"center\">\n<b>Mardi 4 aout<\/b><br \/>\n18 h &#8211; Messe \u00e0 Cr\u00e9cy pour Vincenzo ANDOLFO.<\/p>\n<p><b>Mercredi 5 aout<\/b><br \/>\n<i>Saint Abel<\/i><br \/>\n18 h &#8211; Messe \u00e0 Cr\u00e9cy.<\/p>\n<p>\n<b>Dimanche 9 aout<\/b><br \/>\n9 h 45 &#8211; Messe \u00e0 St Georges.\n<\/div>\n<p><\/font><\/td>\n<\/tr>\n<\/tbody>\n<\/table>\n<p> \n<\/div>\n","protected":false},"excerpt":{"rendered":"<p>Voici les annonces de la p\u00e9riode du lundi 27 juillet au dimanche 9 aout pour la paroisse des 3 clochers Cr\u00e9cy-la-Chapelle, Villiers-sur-Morin, Voulangis. Dimanche 2 aout \u00e0\u00a0 9 h 45, messe \u00e0\u00a0 l&rsquo;\u00e9glise Saint-Georges&#46;&#46;&#46;<\/p>\n","protected":false},"author":2,"featured_media":0,"comment_status":"open","ping_status":"open","sticky":false,"template":"","format":"standard","meta":{"footnotes":""},"categories":[],"tags":[],"class_list":["post-1293","post","type-post","status-publish","format-standard","hentry"],"_links":{"self":[{"href":"http:\/\/www.chapelle-crecy.com\/index.php?rest_route=\/wp\/v2\/posts\/1293","targetHints":{"allow":["GET"]}}],"collection":[{"href":"http:\/\/www.chapelle-crecy.com\/index.php?rest_route=\/wp\/v2\/posts"}],"about":[{"href":"http:\/\/www.chapelle-crecy.com\/index.php?rest_route=\/wp\/v2\/types\/post"}],"author":[{"embeddable":true,"href":"http:\/\/www.chapelle-crecy.com\/index.php?rest_route=\/wp\/v2\/users\/2"}],"replies":[{"embeddable":true,"href":"http:\/\/www.chapelle-crecy.com\/index.php?rest_route=%2Fwp%2Fv2%2Fcomments&post=1293"}],"version-history":[{"count":0,"href":"http:\/\/www.chapelle-crecy.com\/index.php?rest_route=\/wp\/v2\/posts\/1293\/revisions"}],"wp:attachment":[{"href":"http:\/\/www.chapelle-crecy.com\/index.php?rest_route=%2Fwp%2Fv2%2Fmedia&parent=1293"}],"wp:term":[{"taxonomy":"category","embeddable":true,"href":"http:\/\/www.chapelle-crecy.com\/index.php?rest_route=%2Fwp%2Fv2%2Fcategories&post=1293"},{"taxonomy":"post_tag","embeddable":true,"href":"http:\/\/www.chapelle-crecy.com\/index.php?rest_route=%2Fwp%2Fv2%2Ftags&post=1293"}],"curies":[{"name":"wp","href":"https:\/\/api.w.org\/{rel}","templated":true}]}}