{"id":1294,"date":"2020-08-09T10:00:58","date_gmt":"2020-08-09T10:00:58","guid":{"rendered":""},"modified":"-0001-11-30T00:00:00","modified_gmt":"-0001-11-29T22:00:00","slug":"","status":"publish","type":"post","link":"http:\/\/www.chapelle-crecy.com\/?p=1294","title":{"rendered":"Annonces du 10 au 23 aout 2020"},"content":{"rendered":"<div align=\"justify\">Voici les annonces de la p\u00e9riode du lundi 10 au dimanche 23 aout pour la paroisse des 3 clochers Cr\u00e9cy-la-Chapelle, Villiers-sur-Morin, Voulangis. <\/p>\n<p>Samedi 15 aout \u00e0\u00a0 10 h 30, messe de l&rsquo;Assomption \u00e0\u00a0 la coll\u00e9giale.<br \/>\nDimanche 16 aout \u00e0\u00a0 9 h 45, messe \u00e0\u00a0 l&rsquo;\u00e9glise Saint-Georges de Cr\u00e9cy.<br \/>\nDimanche 23 aout \u00e0\u00a0 9 h 45, messe \u00e0\u00a0 l&rsquo;\u00e9glise Saint-Georges de Cr\u00e9cy.<br \/>\n<br \/>\nTous les d\u00e9tails dans la suite &#8230;<\/div>\n<div align=\"center\">\n<table bgcolor =\"F0FFF6\" border=0>\n<tbody>\n<tr>\n<td width=400><font color=\"00CC00\"><\/p>\n<div align=\"center\">\n<b>Mardi 11 aout<\/b><br \/>\n18 h &#8211; Messe \u00e0 Cr\u00e9cy.<\/p>\n<p><b>Mercredi 12 aout<\/b><br \/>\n9 h &#8211; Messe \u00e0 Cr\u00e9cy.<\/p>\n<p><b>Jeudi 13 aout<\/b><br \/>\n18 h &#8211; Messe \u00e0 Cr\u00e9cy.<\/p>\n<p><b>Samedi 15 aout<\/b><br \/>\n<i>ASSOMPTION DE LA VIERGE MARIE<\/i><br \/>\n10 h 30 &#8211;  Messe \u00e0 la Coll\u00e9giale.<\/p>\n<p><b>Dimanche 16 aout<\/b><br \/>\n9 h 45 &#8211; Messe \u00e0 St Georges pour Lucienne BLAVIER et pour Francis DUBOIS d\u00e9c\u00e9d\u00e9 r\u00e9cemment.\n<\/div>\n<p><\/font><\/td>\n<td><font color=\"00CC00\"><\/p>\n<div align=\"center\"><img decoding=\"async\" src=\"\/IMG\/lieux\/lourdes11.jpg\" width=200><\/div>\n<p><\/font><\/td>\n<\/tr>\n<\/tbody>\n<\/table>\n<p><\/p>\n<table bgcolor =\"F0FFF0\" border=0>\n<tbody>\n<tr>\n<td><font color=\"0000CC\"><\/p>\n<div align=\"center\"><img decoding=\"async\" src=\"\/IMG\/personnes\/helene.jpg\" width=200><\/div>\n<p><\/font><\/td>\n<td width=400><font color=\"0000CC\"><\/p>\n<div align=\"center\">\n<b>Mardi 18 aout<\/b><br \/>\n<i>Sainte H\u00e9l\u00e8ne<\/i><br \/>\n18 h &#8211; Messe \u00e0 Cr\u00e9cy.<\/p>\n<p><b>Mercredi 19 aout<\/b><br \/>\n9 h &#8211; Messe \u00e0 Cr\u00e9cy.<\/p>\n<p><b>Jeudi 20 aout<\/b><br \/>\n18 h &#8211; Messe \u00e0 Cr\u00e9cy.<\/p>\n<p><b>Samedi 22 aout<\/b><br \/>\nA 14 h : mariage d&rsquo;Alexandre WASSONG et Julie BEDEL<br \/>\nA 16 h : mariage de Jocelyn COULANSON et Laurie BEAUGE.<\/p>\n<p><b>Dimanche 23 aout<\/b><br \/>\n9 h 45 &#8211; Messe \u00e0 St Georges. Nous prierons plus particuli\u00e8rement pour Thibaut CHRETIEN disparu il y a tout juste 10 ans.\n<\/div>\n<p><\/font><\/td>\n<\/tr>\n<\/tbody>\n<\/table>\n<\/div>\n","protected":false},"excerpt":{"rendered":"<p>Voici les annonces de la p\u00e9riode du lundi 10 au dimanche 23 aout pour la paroisse des 3 clochers Cr\u00e9cy-la-Chapelle, Villiers-sur-Morin, Voulangis. Samedi 15 aout \u00e0\u00a0 10 h 30, messe de l&rsquo;Assomption \u00e0\u00a0 la&#46;&#46;&#46;<\/p>\n","protected":false},"author":2,"featured_media":0,"comment_status":"open","ping_status":"open","sticky":false,"template":"","format":"standard","meta":{"footnotes":""},"categories":[],"tags":[],"class_list":["post-1294","post","type-post","status-publish","format-standard","hentry"],"_links":{"self":[{"href":"http:\/\/www.chapelle-crecy.com\/index.php?rest_route=\/wp\/v2\/posts\/1294","targetHints":{"allow":["GET"]}}],"collection":[{"href":"http:\/\/www.chapelle-crecy.com\/index.php?rest_route=\/wp\/v2\/posts"}],"about":[{"href":"http:\/\/www.chapelle-crecy.com\/index.php?rest_route=\/wp\/v2\/types\/post"}],"author":[{"embeddable":true,"href":"http:\/\/www.chapelle-crecy.com\/index.php?rest_route=\/wp\/v2\/users\/2"}],"replies":[{"embeddable":true,"href":"http:\/\/www.chapelle-crecy.com\/index.php?rest_route=%2Fwp%2Fv2%2Fcomments&post=1294"}],"version-history":[{"count":0,"href":"http:\/\/www.chapelle-crecy.com\/index.php?rest_route=\/wp\/v2\/posts\/1294\/revisions"}],"wp:attachment":[{"href":"http:\/\/www.chapelle-crecy.com\/index.php?rest_route=%2Fwp%2Fv2%2Fmedia&parent=1294"}],"wp:term":[{"taxonomy":"category","embeddable":true,"href":"http:\/\/www.chapelle-crecy.com\/index.php?rest_route=%2Fwp%2Fv2%2Fcategories&post=1294"},{"taxonomy":"post_tag","embeddable":true,"href":"http:\/\/www.chapelle-crecy.com\/index.php?rest_route=%2Fwp%2Fv2%2Ftags&post=1294"}],"curies":[{"name":"wp","href":"https:\/\/api.w.org\/{rel}","templated":true}]}}