{"id":1297,"date":"2020-09-05T17:48:49","date_gmt":"2020-09-05T17:48:49","guid":{"rendered":""},"modified":"-0001-11-30T00:00:00","modified_gmt":"-0001-11-29T22:00:00","slug":"","status":"publish","type":"post","link":"http:\/\/www.chapelle-crecy.com\/?p=1297","title":{"rendered":"Annonces du 7 au 13 septembre 2020"},"content":{"rendered":"<div align=\"justify\">Voici les annonces de la p\u00e9riode du lundi 7 au dimanche 13 septembre pour la paroisse des 3 clochers Cr\u00e9cy-la-Chapelle, Villiers-sur-Morin, Voulangis. <\/p>\n<p>Samedi 12 septembre \u00e0\u00a0 18 h30, messe \u00e0\u00a0 Voulangis,<br \/>\nDimanche 13 septembre \u00e0\u00a0 9 h 45, messe \u00e0\u00a0 la coll\u00e9giale.<br \/>\n<br \/>\nTous les d\u00e9tails dans la suite &#8230;<\/div>\n<div align=\"center\">\n<table bgcolor =\"F0FFF6\" border=0>\n<tbody>\n<tr>\n<td width=400><font color=\"00CC00\"><\/p>\n<div align=\"center\">\n<b>Lundi 7 septembre<\/b><\/p>\n<p>20 h 30 &#8211; R\u00e9union de l&rsquo;E.A.P.<\/p>\n<p><b>Mardi 8 septembre<\/b><br \/>\n<i>Sainte R\u00e9gine<\/i><br \/>\n18 h &#8211; Messe \u00e0 Cr\u00e9cy. <\/p>\n<p><b>Jeudi 10 septembre<\/b><br \/>\n10 h 30 \u00e0 Cr\u00e9cy, obs\u00e8ques de G\u00e9rard ROUZE.<br \/>\n15 h \u00e0 Cr\u00e9cy, obs\u00e8ques de Jean-Luc GAUTIER.<br \/> <br \/>\n18 h &#8211; Messe \u00e0 Cr\u00e9cy pour Solange LAPORTE.<br \/>\n20h 30 &#8211; R\u00e9union de parents cat\u00e9chistes.<\/p>\n<\/div>\n<p><\/font><\/td>\n<td><font color=\"00CC00\"><\/p>\n<div align=\"center\"><img decoding=\"async\" src=\"\/IMG\/personnes\/regine.jpg\" width=200><br \/>Sainte R\u00e9gine<\/i><\/div>\n<p><\/font><\/td>\n<\/tr>\n<\/tbody>\n<\/table>\n<table bgcolor =\"F6F0FF\" border=0>\n<tbody>\n<tr>\n<td><font color=\"0000CC\"><\/p>\n<div align=\"center\"><img decoding=\"async\" src=\"\/IMG\/personnes\/jean_chrysostome.jpg\" width=200><br \/><i>St Jean Chrysostome<\/i><\/div>\n<p><\/font><\/td>\n<td width=400><font color=\"0000CC\"><\/p>\n<div align=\"center\">\n<p><b>Vendredi 11 septembre<\/b><\/p>\n<p>16h \u00e0 Voulangis, obs\u00e8ques de Jos\u00e9phine CHAUVIER.<\/p>\n<p><b>Samedi 12 septembre<\/b><\/br><br \/>\n18 h30 &#8211; Messe \u00e0 Voulangis pour Jos\u00e9phine CHAUVIER.<\/p>\n<p><b>Dimanche 13 septembre<\/b><br \/>\n<i>St Jean Chrysostome<\/i><br \/>\n9 h 45 &#8211; Messe \u00e0 la Coll\u00e9giale pour Jean-Luc GAUTIER  et  G\u00e9rard ROUZE inhum\u00e9s cette semaine.<br \/>\nB\u00e9n\u00e9diction des cartables et pr\u00e9sence d&rsquo;une patrouille scoute et d&rsquo;une sizaine de louveteaux scouts d&rsquo;Europe, avec leur maitrise.\n<\/div>\n<p><\/font><\/td>\n<\/tr>\n<\/tbody>\n<\/table>\n<\/div>\n","protected":false},"excerpt":{"rendered":"<p>Voici les annonces de la p\u00e9riode du lundi 7 au dimanche 13 septembre pour la paroisse des 3 clochers Cr\u00e9cy-la-Chapelle, Villiers-sur-Morin, Voulangis. Samedi 12 septembre \u00e0\u00a0 18 h30, messe \u00e0\u00a0 Voulangis, Dimanche 13 septembre&#46;&#46;&#46;<\/p>\n","protected":false},"author":2,"featured_media":0,"comment_status":"open","ping_status":"open","sticky":false,"template":"","format":"standard","meta":{"footnotes":""},"categories":[],"tags":[],"class_list":["post-1297","post","type-post","status-publish","format-standard","hentry"],"_links":{"self":[{"href":"http:\/\/www.chapelle-crecy.com\/index.php?rest_route=\/wp\/v2\/posts\/1297","targetHints":{"allow":["GET"]}}],"collection":[{"href":"http:\/\/www.chapelle-crecy.com\/index.php?rest_route=\/wp\/v2\/posts"}],"about":[{"href":"http:\/\/www.chapelle-crecy.com\/index.php?rest_route=\/wp\/v2\/types\/post"}],"author":[{"embeddable":true,"href":"http:\/\/www.chapelle-crecy.com\/index.php?rest_route=\/wp\/v2\/users\/2"}],"replies":[{"embeddable":true,"href":"http:\/\/www.chapelle-crecy.com\/index.php?rest_route=%2Fwp%2Fv2%2Fcomments&post=1297"}],"version-history":[{"count":0,"href":"http:\/\/www.chapelle-crecy.com\/index.php?rest_route=\/wp\/v2\/posts\/1297\/revisions"}],"wp:attachment":[{"href":"http:\/\/www.chapelle-crecy.com\/index.php?rest_route=%2Fwp%2Fv2%2Fmedia&parent=1297"}],"wp:term":[{"taxonomy":"category","embeddable":true,"href":"http:\/\/www.chapelle-crecy.com\/index.php?rest_route=%2Fwp%2Fv2%2Fcategories&post=1297"},{"taxonomy":"post_tag","embeddable":true,"href":"http:\/\/www.chapelle-crecy.com\/index.php?rest_route=%2Fwp%2Fv2%2Ftags&post=1297"}],"curies":[{"name":"wp","href":"https:\/\/api.w.org\/{rel}","templated":true}]}}