{"id":1298,"date":"2020-09-11T21:37:35","date_gmt":"2020-09-11T21:37:35","guid":{"rendered":""},"modified":"-0001-11-30T00:00:00","modified_gmt":"-0001-11-29T22:00:00","slug":"","status":"publish","type":"post","link":"http:\/\/www.chapelle-crecy.com\/?p=1298","title":{"rendered":"Annonces du 14 au 20 septembre 2020"},"content":{"rendered":"<div align=\"justify\">Voici les annonces de la p\u00e9riode du lundi 14 au dimanche 20 septembre pour la paroisse des 3 clochers Cr\u00e9cy-la-Chapelle, Villiers-sur-Morin, Voulangis. <\/p>\n<p>Samedi 19 septembre \u00e0\u00a0 18 h30, messe \u00e0\u00a0 Villiers,<br \/>\nDimanche 20 septembre \u00e0\u00a0 9 h 45, messe \u00e0\u00a0 la coll\u00e9giale.<br \/>\n<br \/>\nTous les d\u00e9tails dans la suite &#8230;<\/div>\n<div align=\"center\">\n<table bgcolor =\"F0FFF6\" border=0>\n<tbody>\n<tr>\n<td width=400><font color=\"00CC00\"><\/p>\n<div align=\"center\">\n<b>Mardi 15 septembre<\/b><br \/>\n<i>Notre-Dame des douleurs<\/i><br \/>\n18 h &#8211; Messe \u00e0 Cr\u00e9cy. <\/p>\n<p><b>Jeudi 17 septembre<\/b><br \/>\n18 h &#8211; Messe \u00e0 Cr\u00e9cy.<\/p>\n<p><b>Samedi 19 septembre<\/b><\/br><br \/>\n14 h &#8211; \u00e0  la Coll\u00e9giale, mariage de Mickael JEANNIN et Maryse RIBEIRO DE ALMEIDA.<br \/>\n18 h 30 &#8211; Messe \u00e0 Villiers pour G\u00e9rard ROUZE<\/p>\n<p><b>Dimanche 20 septembre<\/b><br \/>\n9 h 45 &#8211; Messe \u00e0 la Coll\u00e9giale pour Jean LAURENT.<br \/>\n Bapt\u00eame de Thibault FERRERO-DO CARMO.\n<\/div>\n<p><\/font><\/td>\n<td><font color=\"00CC00\"><\/p>\n<div align=\"center\"><img decoding=\"async\" src=\"\/IMG\/personnes\/notre_dame_des_douleurs.jpg\" width=200><br \/><i>Notre-Dame des douleurs<\/i><\/div>\n<p><\/font><\/td>\n<\/tr>\n<\/tbody>\n<\/table>\n<\/div>\n","protected":false},"excerpt":{"rendered":"<p>Voici les annonces de la p\u00e9riode du lundi 14 au dimanche 20 septembre pour la paroisse des 3 clochers Cr\u00e9cy-la-Chapelle, Villiers-sur-Morin, Voulangis. Samedi 19 septembre \u00e0\u00a0 18 h30, messe \u00e0\u00a0 Villiers, Dimanche 20 septembre&#46;&#46;&#46;<\/p>\n","protected":false},"author":2,"featured_media":0,"comment_status":"open","ping_status":"open","sticky":false,"template":"","format":"standard","meta":{"footnotes":""},"categories":[],"tags":[],"class_list":["post-1298","post","type-post","status-publish","format-standard","hentry"],"_links":{"self":[{"href":"http:\/\/www.chapelle-crecy.com\/index.php?rest_route=\/wp\/v2\/posts\/1298","targetHints":{"allow":["GET"]}}],"collection":[{"href":"http:\/\/www.chapelle-crecy.com\/index.php?rest_route=\/wp\/v2\/posts"}],"about":[{"href":"http:\/\/www.chapelle-crecy.com\/index.php?rest_route=\/wp\/v2\/types\/post"}],"author":[{"embeddable":true,"href":"http:\/\/www.chapelle-crecy.com\/index.php?rest_route=\/wp\/v2\/users\/2"}],"replies":[{"embeddable":true,"href":"http:\/\/www.chapelle-crecy.com\/index.php?rest_route=%2Fwp%2Fv2%2Fcomments&post=1298"}],"version-history":[{"count":0,"href":"http:\/\/www.chapelle-crecy.com\/index.php?rest_route=\/wp\/v2\/posts\/1298\/revisions"}],"wp:attachment":[{"href":"http:\/\/www.chapelle-crecy.com\/index.php?rest_route=%2Fwp%2Fv2%2Fmedia&parent=1298"}],"wp:term":[{"taxonomy":"category","embeddable":true,"href":"http:\/\/www.chapelle-crecy.com\/index.php?rest_route=%2Fwp%2Fv2%2Fcategories&post=1298"},{"taxonomy":"post_tag","embeddable":true,"href":"http:\/\/www.chapelle-crecy.com\/index.php?rest_route=%2Fwp%2Fv2%2Ftags&post=1298"}],"curies":[{"name":"wp","href":"https:\/\/api.w.org\/{rel}","templated":true}]}}