{"id":1299,"date":"2020-09-19T14:31:22","date_gmt":"2020-09-19T14:31:22","guid":{"rendered":""},"modified":"-0001-11-30T00:00:00","modified_gmt":"-0001-11-29T22:00:00","slug":"","status":"publish","type":"post","link":"http:\/\/www.chapelle-crecy.com\/?p=1299","title":{"rendered":"Annonces du 21 au 27 septembre 2020"},"content":{"rendered":"<div align=\"justify\">Voici les annonces de la p\u00e9riode du lundi 21 au dimanche 27 septembre pour la paroisse des 3 clochers Cr\u00e9cy-la-Chapelle, Villiers-sur-Morin, Voulangis. <\/p>\n<p>Samedi 26 septembre \u00e0\u00a0 18 h30, messe \u00e0\u00a0 Voulangis,<br \/>\nDimanche 27 septembre \u00e0\u00a0 9 h 45, messe \u00e0\u00a0 la coll\u00e9giale.<br \/>\n<br \/>\nTous les d\u00e9tails dans la suite &#8230;<\/div>\n<div align=\"center\">\n<table bgcolor =\"F0FFF6\" border=0>\n<tbody>\n<tr>\n<td width=400><font color=\"00CC00\"><\/p>\n<div align=\"center\">\n<b>Lundi 21 septembre<\/b><br \/>\n<i>Saint Matthieu<\/i><br \/>\nMesse chrismale \u00e0 la Cath\u00e9drale de Meaux \u00e0 20 h.<\/p>\n<p><b>Mardi 22 septembre<\/b><br \/>\n18 h &#8211; Messe \u00e0 Cr\u00e9cy pour un couple malade. <\/p>\n<p><b>Jeudi 23 septembre<\/b><br \/>\n18 h &#8211; Messe \u00e0 Cr\u00e9cy.<\/p>\n<p><b>Samedi 26 septembre<\/b><\/br><br \/>\n18 h 30 &#8211; Messe \u00e0 Voulangis.<\/p>\n<p><b>Dimanche 27 septembre<\/b><br \/>\n9 h 45 &#8211; Messe \u00e0 la Coll\u00e9giale.<br \/>\nElle est c\u00e9l\u00e9br\u00e9e pour Robert LARRAUFIE inhum\u00e9 cette semaine.<br \/>\nBapt\u00eame de Cassandra MERLIN et de Roxane et Alice ROCHE.\n<\/div>\n<p><\/font><\/td>\n<td><font color=\"00CC00\"><\/p>\n<div align=\"center\"><img decoding=\"async\" src=\"\/IMG\/personnes\/matthieu.jpg\" width=200><br \/><i>Saint Matthieu<\/i><\/div>\n<p><\/font><\/td>\n<\/tr>\n<\/tbody>\n<\/table>\n<\/div>\n","protected":false},"excerpt":{"rendered":"<p>Voici les annonces de la p\u00e9riode du lundi 21 au dimanche 27 septembre pour la paroisse des 3 clochers Cr\u00e9cy-la-Chapelle, Villiers-sur-Morin, Voulangis. Samedi 26 septembre \u00e0\u00a0 18 h30, messe \u00e0\u00a0 Voulangis, Dimanche 27 septembre&#46;&#46;&#46;<\/p>\n","protected":false},"author":2,"featured_media":0,"comment_status":"open","ping_status":"open","sticky":false,"template":"","format":"standard","meta":{"footnotes":""},"categories":[],"tags":[],"class_list":["post-1299","post","type-post","status-publish","format-standard","hentry"],"_links":{"self":[{"href":"http:\/\/www.chapelle-crecy.com\/index.php?rest_route=\/wp\/v2\/posts\/1299","targetHints":{"allow":["GET"]}}],"collection":[{"href":"http:\/\/www.chapelle-crecy.com\/index.php?rest_route=\/wp\/v2\/posts"}],"about":[{"href":"http:\/\/www.chapelle-crecy.com\/index.php?rest_route=\/wp\/v2\/types\/post"}],"author":[{"embeddable":true,"href":"http:\/\/www.chapelle-crecy.com\/index.php?rest_route=\/wp\/v2\/users\/2"}],"replies":[{"embeddable":true,"href":"http:\/\/www.chapelle-crecy.com\/index.php?rest_route=%2Fwp%2Fv2%2Fcomments&post=1299"}],"version-history":[{"count":0,"href":"http:\/\/www.chapelle-crecy.com\/index.php?rest_route=\/wp\/v2\/posts\/1299\/revisions"}],"wp:attachment":[{"href":"http:\/\/www.chapelle-crecy.com\/index.php?rest_route=%2Fwp%2Fv2%2Fmedia&parent=1299"}],"wp:term":[{"taxonomy":"category","embeddable":true,"href":"http:\/\/www.chapelle-crecy.com\/index.php?rest_route=%2Fwp%2Fv2%2Fcategories&post=1299"},{"taxonomy":"post_tag","embeddable":true,"href":"http:\/\/www.chapelle-crecy.com\/index.php?rest_route=%2Fwp%2Fv2%2Ftags&post=1299"}],"curies":[{"name":"wp","href":"https:\/\/api.w.org\/{rel}","templated":true}]}}