{"id":130,"date":"2009-05-23T22:06:47","date_gmt":"2009-05-23T22:06:47","guid":{"rendered":""},"modified":"-0001-11-30T00:00:00","modified_gmt":"-0001-11-29T22:00:00","slug":"","status":"publish","type":"post","link":"http:\/\/www.chapelle-crecy.com\/?p=130","title":{"rendered":"Annonces de la semaine du 25 mai au 31 mai 2009"},"content":{"rendered":"<table bgcolor =\"F0FAFF\" border=0>\n<tbody>\n<tr>\n<td>\n<div align=\"justify\">\n<div \"41\">Voici les annonces de la semaine du lundi 25 au dimanche 31 mai 2009  pour la paroisse des 3 clochers Cr\u00e9cy-la-Chapelle, Villiers-sur-Morin, Voulangis.\n<\/div>\n<\/td>\n<\/tr>\n<\/tbody>\n<\/table>\n<table bgcolor =\"F0FAFF\" border=1>\n<tbody>\n<tr>\n<td width=120><font color=\"0020FF\">Lundi 25 mai<\/font><\/td>\n<td><font color=\"0020FF\">9h &#8211; Messe \u00e0 Cr\u00e9cy pour Yvonne FERNANDEZ<br \/>20 h 30  R\u00e9union de l&rsquo;EAP<\/font><\/td>\n<\/tr>\n<tr>\n<td><font color=\"0020FF\">Mardi 26 mai<\/font><\/td>\n<td><font color=\"0020FF\">17 h &#8211;  Messe \u00e0 la maison de retraite de Cr\u00e9cy pour Jean BEAUSSIRE<\/font><\/td>\n<\/tr>\n<tr>\n<td><font color=\"0020FF\">Mercredi 27 mai<\/font><\/td>\n<td><font color=\"0020FF\">9 h &#8211;  Messe \u00e0 Cr\u00e9cy pour Andr\u00e9 HUIS<\/font><\/td>\n<\/tr>\n<tr>\n<td><font color=\"0020FF\">Mercredi 27 et<br \/>jeudi 28 mai<\/font><\/td>\n<td><font color=\"0020FF\">Retraite de Profession de Foi au Prieur\u00e9 Saint-Martin de la Houssaye-en-Brie<\/font><\/td>\n<\/tr>\n<tr>\n<td><font color=\"0020FF\">Vendredi 29 mai<\/font><\/td>\n<td><font color=\"0020FF\">17h &#8211; Messe \u00e0 Cr\u00e9cy pour Herv\u00e9 DEFLANDRE.<br \/>\n20 h &#8211; Pr\u00e9paration de la Profession de Foi \u00e0 l&rsquo;\u00e9glise Saint-Georges de Cr\u00e9cy.<\/font><\/td>\n<\/tr>\n<tr>\n<td><font color=\"0020FF\">Samedi 30 mai<\/font><\/td>\n<td><font color=\"0020FF\">18h30 &#8211; Messe \u00e0 Voulangis pour Raymonde LEMPEREUR.<br \/>\n20 h &#8211; Confirmation des adultes \u00e0 Meaux.<br \/><\/font><\/td>\n<\/tr>\n<tr>\n<td><font color=\"0020FF\">Dimanche 31 mai<\/font><\/td>\n<td><font color=\"0020FF\">9 h &#8211; A l&rsquo;\u00e9glise Saint-Georges de Cr\u00e9cy bapt\u00eame de Enzo MAITRET.<br \/>\n10 h 30 &#8211;  A la coll\u00e9giale messe de Pentec\u00f4te et Profession de Foi &#8211; messe pour Jos\u00e9phine COLLEU.<\/font><\/td>\n<\/tr>\n<\/tbody>\n<\/table>\n","protected":false},"excerpt":{"rendered":"<p>Voici les annonces de la semaine du lundi 25 au dimanche 31 mai 2009 pour la paroisse des 3 clochers Cr\u00e9cy-la-Chapelle, Villiers-sur-Morin, Voulangis. Lundi 25 mai 9h &#8211; Messe \u00e0 Cr\u00e9cy pour Yvonne FERNANDEZ20&#46;&#46;&#46;<\/p>\n","protected":false},"author":2,"featured_media":0,"comment_status":"open","ping_status":"open","sticky":false,"template":"","format":"standard","meta":{"footnotes":""},"categories":[],"tags":[],"class_list":["post-130","post","type-post","status-publish","format-standard","hentry"],"_links":{"self":[{"href":"http:\/\/www.chapelle-crecy.com\/index.php?rest_route=\/wp\/v2\/posts\/130","targetHints":{"allow":["GET"]}}],"collection":[{"href":"http:\/\/www.chapelle-crecy.com\/index.php?rest_route=\/wp\/v2\/posts"}],"about":[{"href":"http:\/\/www.chapelle-crecy.com\/index.php?rest_route=\/wp\/v2\/types\/post"}],"author":[{"embeddable":true,"href":"http:\/\/www.chapelle-crecy.com\/index.php?rest_route=\/wp\/v2\/users\/2"}],"replies":[{"embeddable":true,"href":"http:\/\/www.chapelle-crecy.com\/index.php?rest_route=%2Fwp%2Fv2%2Fcomments&post=130"}],"version-history":[{"count":0,"href":"http:\/\/www.chapelle-crecy.com\/index.php?rest_route=\/wp\/v2\/posts\/130\/revisions"}],"wp:attachment":[{"href":"http:\/\/www.chapelle-crecy.com\/index.php?rest_route=%2Fwp%2Fv2%2Fmedia&parent=130"}],"wp:term":[{"taxonomy":"category","embeddable":true,"href":"http:\/\/www.chapelle-crecy.com\/index.php?rest_route=%2Fwp%2Fv2%2Fcategories&post=130"},{"taxonomy":"post_tag","embeddable":true,"href":"http:\/\/www.chapelle-crecy.com\/index.php?rest_route=%2Fwp%2Fv2%2Ftags&post=130"}],"curies":[{"name":"wp","href":"https:\/\/api.w.org\/{rel}","templated":true}]}}