{"id":1300,"date":"2020-09-26T20:44:06","date_gmt":"2020-09-26T20:44:06","guid":{"rendered":""},"modified":"-0001-11-30T00:00:00","modified_gmt":"-0001-11-29T22:00:00","slug":"","status":"publish","type":"post","link":"http:\/\/www.chapelle-crecy.com\/?p=1300","title":{"rendered":"Annonces du 28 septembre au 4 octobre 2020"},"content":{"rendered":"<div align=\"justify\">Voici les annonces de la p\u00e9riode du lundi 28 septembre au dimanche 4 octobre pour la paroisse des 3 clochers Cr\u00e9cy-la-Chapelle, Villiers-sur-Morin, Voulangis. <\/p>\n<p>Samedi 3 octobre \u00e0\u00a0 18 h30, messe \u00e0\u00a0 Villiers,<br \/>\nDimanche 4 octobre \u00e0\u00a0 9 h 45, messe \u00e0\u00a0 la coll\u00e9giale.<br \/>\n<br \/>\nTous les d\u00e9tails dans la suite &#8230;<\/div>\n<div align=\"center\">\n<table bgcolor =\"F0FFF6\" border=0>\n<tbody>\n<tr>\n<td width=400><font color=\"00CC00\"><\/p>\n<div align=\"center\">\n<b>Lundi 28 septembre<\/b><br \/>\n10 h 30 &#8211;  \u00e0 Cr\u00e9cy, Obs\u00e8ques d&rsquo;Andr\u00e9 PANHARD \u00e0 l&rsquo;\u00e9glise St Georges.<\/p>\n<p><b>Mardi 29 septembre<\/b><br \/>\n18 h &#8211; Messe \u00e0 Cr\u00e9cy pour Gaby BEAUMONT.<\/p>\n<p><b>Jeudi 1 octobre<\/b><br \/>\n<i>Sainte Th\u00e9r\u00e8se<\/i><br \/>\n9 h &#8211; Messe \u00e0 Cr\u00e9cy pour Jean-Pierre YTHIER.<\/p>\n<p><b>Vendredi 2 octobre<\/b><br \/>\n14 h &#8211; \u00e0 Voulangis, obs\u00e8ques d&rsquo;Anne-Marie PAQUET.<\/p>\n<p><b>Samedi 3 octobre<\/b><\/br><br \/>\n17 h 15 &#8211; Groupe de Pri\u00e8re \u00e0 Villiers.<br \/>\n18 h 30 &#8211; Messe \u00e0 Villiers.<\/p>\n<p><b>Dimanche 4 octobre<\/b><br \/>\n9 h 45 &#8211; Messe \u00e0 la Coll\u00e9giale pour LOUIS ET PAULINE TENAGUILLO.<br \/>\nBapt\u00eame d&rsquo;Elina LEMAZURIER et Lisea DOS ANJO ANDRADE.<br \/>\nQUETE SPECIALE : DENIER DE SAINT PIERRE.\n<\/div>\n<p><\/font><\/td>\n<td><font color=\"00CC00\"><\/p>\n<div align=\"center\"><img decoding=\"async\" src=\"\/IMG\/personnes\/therese.jpg\" width=200><br \/><i>Sainte Th\u00e9r\u00e8se<\/i><\/div>\n<p><\/font><\/td>\n<\/tr>\n<\/tbody>\n<\/table>\n<\/div>\n","protected":false},"excerpt":{"rendered":"<p>Voici les annonces de la p\u00e9riode du lundi 28 septembre au dimanche 4 octobre pour la paroisse des 3 clochers Cr\u00e9cy-la-Chapelle, Villiers-sur-Morin, Voulangis. Samedi 3 octobre \u00e0\u00a0 18 h30, messe \u00e0\u00a0 Villiers, Dimanche 4&#46;&#46;&#46;<\/p>\n","protected":false},"author":2,"featured_media":0,"comment_status":"open","ping_status":"open","sticky":false,"template":"","format":"standard","meta":{"footnotes":""},"categories":[],"tags":[],"class_list":["post-1300","post","type-post","status-publish","format-standard","hentry"],"_links":{"self":[{"href":"http:\/\/www.chapelle-crecy.com\/index.php?rest_route=\/wp\/v2\/posts\/1300","targetHints":{"allow":["GET"]}}],"collection":[{"href":"http:\/\/www.chapelle-crecy.com\/index.php?rest_route=\/wp\/v2\/posts"}],"about":[{"href":"http:\/\/www.chapelle-crecy.com\/index.php?rest_route=\/wp\/v2\/types\/post"}],"author":[{"embeddable":true,"href":"http:\/\/www.chapelle-crecy.com\/index.php?rest_route=\/wp\/v2\/users\/2"}],"replies":[{"embeddable":true,"href":"http:\/\/www.chapelle-crecy.com\/index.php?rest_route=%2Fwp%2Fv2%2Fcomments&post=1300"}],"version-history":[{"count":0,"href":"http:\/\/www.chapelle-crecy.com\/index.php?rest_route=\/wp\/v2\/posts\/1300\/revisions"}],"wp:attachment":[{"href":"http:\/\/www.chapelle-crecy.com\/index.php?rest_route=%2Fwp%2Fv2%2Fmedia&parent=1300"}],"wp:term":[{"taxonomy":"category","embeddable":true,"href":"http:\/\/www.chapelle-crecy.com\/index.php?rest_route=%2Fwp%2Fv2%2Fcategories&post=1300"},{"taxonomy":"post_tag","embeddable":true,"href":"http:\/\/www.chapelle-crecy.com\/index.php?rest_route=%2Fwp%2Fv2%2Ftags&post=1300"}],"curies":[{"name":"wp","href":"https:\/\/api.w.org\/{rel}","templated":true}]}}