{"id":1302,"date":"2020-10-10T13:07:17","date_gmt":"2020-10-10T13:07:17","guid":{"rendered":""},"modified":"-0001-11-30T00:00:00","modified_gmt":"-0001-11-29T22:00:00","slug":"","status":"publish","type":"post","link":"http:\/\/www.chapelle-crecy.com\/?p=1302","title":{"rendered":"Annonces du 12 au 18 octobre 2020"},"content":{"rendered":"<div align=\"justify\">Voici les annonces de la p\u00e9riode du lundi 12 au dimanche 18 octobre pour la paroisse des 3 clochers Cr\u00e9cy-la-Chapelle, Villiers-sur-Morin, Voulangis. <\/p>\n<p>Samedi 17 octobre \u00e0\u00a0 18 h30, messe \u00e0\u00a0 Villiers,<br \/>\nDimanche 18 octobre \u00e0\u00a0 9 h 45, messe \u00e0\u00a0 Cr\u00e9cy.<br \/>\n<br \/>\nTous les d\u00e9tails dans la suite &#8230;<\/div>\n<div align=\"center\">\n<table bgcolor =\"F0FFF6\" border=0>\n<tbody>\n<tr>\n<td width=400><font color=\"00CC00\"><\/p>\n<div align=\"center\">\n<b>Lundi 12 octobre<\/b><br \/>\n18 h &#8211; Messe \u00e0 Cr\u00e9cy. <br \/>\n20 h 30 &#8211; R\u00e9union de l&rsquo;EAP.<\/p>\n<p><b>Jeudi 15 octobre<\/b><br \/>\n9 h &#8211; Messe \u00e0 Cr\u00e9cy.<\/p>\n<p><b>Samedi 17 octobre<\/b><\/br><br \/>\n15 h 30 &#8211; Mariage \u00e0 Cr\u00e9cy de Julien  COLBEAU et Sophie SEICA-MARIANO.<br \/>\n18 h 30 &#8211;  Messe \u00e0 Villiers  pour Lelio SCHIA.<\/p>\n<p><b>Dimanche 18 octobre<\/b><br \/>\n<i>Saint Luc<\/i><br \/>\n9 h 45 &#8211; Messe \u00e0 Cr\u00e9cy pour les Ames du Purgatoire. Nous prions aussi pour Marie-Jos\u00e9 DANJOU inhum\u00e9e cette semaine.<\/p>\n<p>QUETE SECIALE POUR LA COOPERATION MISSIONNAIRE.\n<\/p><\/div>\n<p><\/font><\/td>\n<td><font color=\"00CC00\"><\/p>\n<div align=\"center\"><img decoding=\"async\" src=\"\/IMG\/personnes\/luc_evangeliste.jpg\" width=200><br \/><i>Saint Luc<\/i><\/div>\n<p><\/font><\/td>\n<\/tr>\n<\/tbody>\n<\/table>\n<\/div>\n","protected":false},"excerpt":{"rendered":"<p>Voici les annonces de la p\u00e9riode du lundi 12 au dimanche 18 octobre pour la paroisse des 3 clochers Cr\u00e9cy-la-Chapelle, Villiers-sur-Morin, Voulangis. Samedi 17 octobre \u00e0\u00a0 18 h30, messe \u00e0\u00a0 Villiers, Dimanche 18 octobre&#46;&#46;&#46;<\/p>\n","protected":false},"author":2,"featured_media":0,"comment_status":"open","ping_status":"open","sticky":false,"template":"","format":"standard","meta":{"footnotes":""},"categories":[],"tags":[],"class_list":["post-1302","post","type-post","status-publish","format-standard","hentry"],"_links":{"self":[{"href":"http:\/\/www.chapelle-crecy.com\/index.php?rest_route=\/wp\/v2\/posts\/1302","targetHints":{"allow":["GET"]}}],"collection":[{"href":"http:\/\/www.chapelle-crecy.com\/index.php?rest_route=\/wp\/v2\/posts"}],"about":[{"href":"http:\/\/www.chapelle-crecy.com\/index.php?rest_route=\/wp\/v2\/types\/post"}],"author":[{"embeddable":true,"href":"http:\/\/www.chapelle-crecy.com\/index.php?rest_route=\/wp\/v2\/users\/2"}],"replies":[{"embeddable":true,"href":"http:\/\/www.chapelle-crecy.com\/index.php?rest_route=%2Fwp%2Fv2%2Fcomments&post=1302"}],"version-history":[{"count":0,"href":"http:\/\/www.chapelle-crecy.com\/index.php?rest_route=\/wp\/v2\/posts\/1302\/revisions"}],"wp:attachment":[{"href":"http:\/\/www.chapelle-crecy.com\/index.php?rest_route=%2Fwp%2Fv2%2Fmedia&parent=1302"}],"wp:term":[{"taxonomy":"category","embeddable":true,"href":"http:\/\/www.chapelle-crecy.com\/index.php?rest_route=%2Fwp%2Fv2%2Fcategories&post=1302"},{"taxonomy":"post_tag","embeddable":true,"href":"http:\/\/www.chapelle-crecy.com\/index.php?rest_route=%2Fwp%2Fv2%2Ftags&post=1302"}],"curies":[{"name":"wp","href":"https:\/\/api.w.org\/{rel}","templated":true}]}}