{"id":1303,"date":"2020-10-16T20:56:18","date_gmt":"2020-10-16T20:56:18","guid":{"rendered":""},"modified":"-0001-11-30T00:00:00","modified_gmt":"-0001-11-29T22:00:00","slug":"","status":"publish","type":"post","link":"http:\/\/www.chapelle-crecy.com\/?p=1303","title":{"rendered":"Annonces du 19 au 25 octobre 2020"},"content":{"rendered":"<div align=\"justify\">Voici les annonces de la p\u00e9riode du lundi 19 au dimanche 25 octobre pour la paroisse des 3 clochers Cr\u00e9cy-la-Chapelle, Villiers-sur-Morin, Voulangis. <\/p>\n<p>Samedi 24 octobre \u00e0\u00a0 18 h30, messe \u00e0\u00a0 Voulangis,<br \/>\nDimanche 25 octobre \u00e0\u00a0 9 h 45, messe \u00e0\u00a0 Cr\u00e9cy.<br \/>\n<br \/>\nTous les d\u00e9tails dans la suite &#8230;<\/div>\n<div align=\"center\">\n<table bgcolor =\"F0FFF6\" border=0>\n<tbody>\n<tr>\n<td width=400><font color=\"00CC00\"><\/p>\n<div align=\"center\">\n<b>Mardi 20 octobre<\/b><br \/>\n18 h &#8211; Messe \u00e0 Cr\u00e9cy pour Andr\u00e9 PANHARD. <\/p>\n<p><b>Jeudi 22 octobre<\/b><br \/>\n<i>Saint Jean-Paul II<\/i><br \/>\n9 h &#8211; \u00e0 Cr\u00e9cy, Messe anniversaire pour Jacqueline GAMELIN.<\/p>\n<p><b>Samedi 24 octobre<\/b><\/br><br \/>\n18 h 30 &#8211;  \u00e0 Voulangis, Messe anniversaire pour Jean ROSIER.<\/p>\n<p><b>Dimanche 25 octobre<\/b><br \/>\n9 h 45 &#8211; Messe \u00e0 Cr\u00e9cy pour Maurice CAUGNE.<br \/>\nNous prions aussi pour Jeanine PRUVOST d\u00e9c\u00e9d\u00e9e le 3 avril dernier.\n<\/div>\n<p><\/font><\/td>\n<td><font color=\"00CC00\"><\/p>\n<div align=\"center\"><img decoding=\"async\" src=\"\/IMG\/personnes\/Jeanpaul05.jpg\" width=200><br \/><i>Saint Jean-Paul II<\/i><\/div>\n<p><\/font><\/td>\n<\/tr>\n<\/tbody>\n<\/table>\n<\/div>\n","protected":false},"excerpt":{"rendered":"<p>Voici les annonces de la p\u00e9riode du lundi 19 au dimanche 25 octobre pour la paroisse des 3 clochers Cr\u00e9cy-la-Chapelle, Villiers-sur-Morin, Voulangis. Samedi 24 octobre \u00e0\u00a0 18 h30, messe \u00e0\u00a0 Voulangis, Dimanche 25 octobre&#46;&#46;&#46;<\/p>\n","protected":false},"author":2,"featured_media":0,"comment_status":"open","ping_status":"open","sticky":false,"template":"","format":"standard","meta":{"footnotes":""},"categories":[],"tags":[],"class_list":["post-1303","post","type-post","status-publish","format-standard","hentry"],"_links":{"self":[{"href":"http:\/\/www.chapelle-crecy.com\/index.php?rest_route=\/wp\/v2\/posts\/1303","targetHints":{"allow":["GET"]}}],"collection":[{"href":"http:\/\/www.chapelle-crecy.com\/index.php?rest_route=\/wp\/v2\/posts"}],"about":[{"href":"http:\/\/www.chapelle-crecy.com\/index.php?rest_route=\/wp\/v2\/types\/post"}],"author":[{"embeddable":true,"href":"http:\/\/www.chapelle-crecy.com\/index.php?rest_route=\/wp\/v2\/users\/2"}],"replies":[{"embeddable":true,"href":"http:\/\/www.chapelle-crecy.com\/index.php?rest_route=%2Fwp%2Fv2%2Fcomments&post=1303"}],"version-history":[{"count":0,"href":"http:\/\/www.chapelle-crecy.com\/index.php?rest_route=\/wp\/v2\/posts\/1303\/revisions"}],"wp:attachment":[{"href":"http:\/\/www.chapelle-crecy.com\/index.php?rest_route=%2Fwp%2Fv2%2Fmedia&parent=1303"}],"wp:term":[{"taxonomy":"category","embeddable":true,"href":"http:\/\/www.chapelle-crecy.com\/index.php?rest_route=%2Fwp%2Fv2%2Fcategories&post=1303"},{"taxonomy":"post_tag","embeddable":true,"href":"http:\/\/www.chapelle-crecy.com\/index.php?rest_route=%2Fwp%2Fv2%2Ftags&post=1303"}],"curies":[{"name":"wp","href":"https:\/\/api.w.org\/{rel}","templated":true}]}}