{"id":1305,"date":"2020-10-29T14:27:55","date_gmt":"2020-10-29T14:27:55","guid":{"rendered":""},"modified":"-0001-11-30T00:00:00","modified_gmt":"-0001-11-29T22:00:00","slug":"","status":"publish","type":"post","link":"http:\/\/www.chapelle-crecy.com\/?p=1305","title":{"rendered":"Le glas sonnera \u00e0\u00a0 Villiers  Cr\u00e9cy  Voulangis et dans toutes les \u00e9glises de France  ce jour   \u00e0\u00a0 15h"},"content":{"rendered":"<div align=justify>Radio Vatican en italien d\u00e9plore une \u00ab attaque dramatique \u00bb \u00e0\u00a0 Nice, o\u00f9 trois personnes sont d\u00e9c\u00e9d\u00e9es lors d&rsquo;une attaque au couteau, dans la basilique Notre-Dame de l&rsquo;Assomption, ce 29 octobre 2020.<\/p>\n<p>L&rsquo;attentat a fait \u00e9galement plusieurs bless\u00e9s. Le pr\u00e9sident de la Conf\u00e9rence des \u00e9v\u00eaques de France (CEF) Mgr Eric de Moulins-Beaufort a publi\u00e9 un post sur Facebook, d\u00e9non\u00e7ant un \u00ab affreux drame \u00bb, dans \u00ab une ville encore une fois frapp\u00e9e \u00bb apr\u00e8s l&rsquo;attentat du 14 juillet 2016 sur la Promenade des Anglais. \u00ab Ma compassion et ma pri\u00e8re pour les personnes assassin\u00e9es ou bless\u00e9es et leurs proches \u00bb, d\u00e9clare-t-il.<\/p>\n<p>Mgr de Moulins-Beaufort a publi\u00e9 aussi deux tweet assurant de sa pri\u00e8re : \u00ab Ma pri\u00e8re pour les victimes et leurs proches. Dimanche, pour la Toussaint, nous entendrons le Seigneur : Heureux les artisans de paix, ils seront appel\u00e9s fils de Dieu. Heureux si l&rsquo;on vous pers\u00e9cute \u00e0\u00a0 cause de moi. Car votre r\u00e9compense sera grande dans les cieux. \u00bb<\/p>\n<p>Et d&rsquo;ajouter dans un deuxi\u00e8me tweet : \u00ab Ma pri\u00e8re toute sp\u00e9ciale encore pour les dioc\u00e9sains de Nice et Mgr Marceau, leur \u00e9v\u00eaque. Qu&rsquo;ils sachent se soutenir dans cette \u00e9preuve et soutenir ceux qui sont \u00e9prouv\u00e9s dans leur chair. \u00bb<\/p><\/div>\n","protected":false},"excerpt":{"rendered":"<p>Radio Vatican en italien d\u00e9plore une \u00ab attaque dramatique \u00bb \u00e0\u00a0 Nice, o\u00f9 trois personnes sont d\u00e9c\u00e9d\u00e9es lors d&rsquo;une attaque au couteau, dans la basilique Notre-Dame de l&rsquo;Assomption, ce 29 octobre 2020. L&rsquo;attentat a&#46;&#46;&#46;<\/p>\n","protected":false},"author":2,"featured_media":0,"comment_status":"open","ping_status":"open","sticky":false,"template":"","format":"standard","meta":{"footnotes":""},"categories":[],"tags":[],"class_list":["post-1305","post","type-post","status-publish","format-standard","hentry"],"_links":{"self":[{"href":"http:\/\/www.chapelle-crecy.com\/index.php?rest_route=\/wp\/v2\/posts\/1305","targetHints":{"allow":["GET"]}}],"collection":[{"href":"http:\/\/www.chapelle-crecy.com\/index.php?rest_route=\/wp\/v2\/posts"}],"about":[{"href":"http:\/\/www.chapelle-crecy.com\/index.php?rest_route=\/wp\/v2\/types\/post"}],"author":[{"embeddable":true,"href":"http:\/\/www.chapelle-crecy.com\/index.php?rest_route=\/wp\/v2\/users\/2"}],"replies":[{"embeddable":true,"href":"http:\/\/www.chapelle-crecy.com\/index.php?rest_route=%2Fwp%2Fv2%2Fcomments&post=1305"}],"version-history":[{"count":0,"href":"http:\/\/www.chapelle-crecy.com\/index.php?rest_route=\/wp\/v2\/posts\/1305\/revisions"}],"wp:attachment":[{"href":"http:\/\/www.chapelle-crecy.com\/index.php?rest_route=%2Fwp%2Fv2%2Fmedia&parent=1305"}],"wp:term":[{"taxonomy":"category","embeddable":true,"href":"http:\/\/www.chapelle-crecy.com\/index.php?rest_route=%2Fwp%2Fv2%2Fcategories&post=1305"},{"taxonomy":"post_tag","embeddable":true,"href":"http:\/\/www.chapelle-crecy.com\/index.php?rest_route=%2Fwp%2Fv2%2Ftags&post=1305"}],"curies":[{"name":"wp","href":"https:\/\/api.w.org\/{rel}","templated":true}]}}