{"id":1306,"date":"2020-11-14T20:37:30","date_gmt":"2020-11-14T20:37:30","guid":{"rendered":""},"modified":"-0001-11-30T00:00:00","modified_gmt":"-0001-11-29T22:00:00","slug":"","status":"publish","type":"post","link":"http:\/\/www.chapelle-crecy.com\/?p=1306","title":{"rendered":"Que peut-on gagner en ce temps d&rsquo;\u00e9preuve ?"},"content":{"rendered":"<div align=\"justify\">La Messe du 33\u00e8me dimanche du temps ordinaire, que nous ne pourrons pas c\u00e9l\u00e9brer ensemble, pour les raisons sanitaires que vous savez, offre \u00e0 notre m\u00e9ditation la parabole des Talents (Matthieu 25, 14-30). <\/p>\n<p>Combien de fois ne l&rsquo;avons-nous pas entendue, cette parabole de la section ultime de l&rsquo;Evangile avant la Passion du Sauveur,  comme un message moralisateur, centr\u00e9 sur nos talents, compris comme les aptitudes et m\u00e9rites de notre personne, que nous n&rsquo;avons pas assez d\u00e9velopp\u00e9s pour  produire r\u00e9ussite et performance en tout genre ? Ici, nous centrons notre regard sur nous-m\u00eames, en autocritique. Ne faut-il pas le faire de temps \u00e0 autre, me direz-vous ? <\/p>\n<p>Or, la nouvelle p\u00e9riode de confinement qui nous est impos\u00e9e, afin de limiter et r\u00e9duire la propagation de l&rsquo;\u00e9pid\u00e9mie de Covid-19, peut nous amener \u00e0 prendre le temps de r\u00e9fl\u00e9chir autrement\u00e2\u20ac\u00a6 <\/p>\n<p>En effet, d\u00e8s le d\u00e9but de la parabole, nous nous apercevons que les talents dont il est question sont un bien confi\u00e9 par Dieu, ses biens : \u00ab il appela ses serviteurs et leur confia ses biens \u00bb. Pour attirer son auditoire, comme dans les autres paraboles, J\u00e9sus recourt \u00e0 des moyens imag\u00e9s attractifs ; en l&rsquo;occurrence, il ins\u00e8re dans la parabole une distribution in\u00e9gale selon les serviteurs, et donc une forme de comptabilit\u00e9 : 5, 2, 1, \u00ab \u00e0 chacun selon ses capacit\u00e9s \u00bb, pr\u00e9cise-t-il. <\/p>\n<p>Quels sont ces biens que le Seigneur nous a confi\u00e9s ? <br \/>\nBien s\u00fbr, ind\u00e9niablement, le fait m\u00eame que nous existions : la vie est un don, ce n&rsquo;est pas quelque chose qui nous est d\u00fb. Etre \u00ab cr\u00e9atures \u00bb, et non le Cr\u00e9ateur, telle est notre condition, comme le redit parfois le pape Fran\u00e7ois : \u00ab nous ne sommes pas Dieu \u00bb. Poursuivons : par le Bapt\u00eame, nous avons re\u00e7u la \u00ab nouvelle naissance \u00bb, qui nous permet justement, dans l&rsquo;Alliance du Christ, son Fils \u00e9ternel devenu homme, d&rsquo;\u00eatre en v\u00e9rit\u00e9 \u00ab enfants de Dieu \u00bb. Donc, les talents que le P\u00e8re nous confie d\u00e8s maintenant, c&rsquo;est la part d&rsquo;h\u00e9ritage de sa vie et de son amour, \u00ab \u00e0 l&rsquo;image de son Fils \u00bb : \u00ab Ainsi l&rsquo;a voulu sa bont\u00e9 : \u00e0 la louange de gloire de sa gr\u00e2ce, la gr\u00e2ce qu&rsquo;il nous donne dans le Fils bien-aim\u00e9 \u00bb.<\/p>\n<p>\u00ab Greff\u00e9s au Christ \u00bb, comme nous y a invit\u00e9s notre Ev\u00eaque au cours de cette ann\u00e9e liturgique, devenue en quelque sorte ann\u00e9e Covid, nous identifions encore les biens que le Seigneur confie \u00e0 son Eglise : sa Parole, dans les Saintes Ecritures ; la participation, m\u00eame lointaine, \u00e0 l&rsquo;Eucharistie, \u00ab sacrement d&rsquo;amour \u00bb du Ressuscit\u00e9 ; la qualit\u00e9 de cet amour pour tous, re\u00e7ue et v\u00e9cue dans la charit\u00e9.<\/p>\n<p>En ces semaines o\u00f9 la crise sanitaire dure, avec ses cons\u00e9quences \u00e9conomiques pr\u00e9occupantes, profitons, Chr\u00e9tiens, des multiples dons que le Seigneur met \u00e0 notre disposition. Dans un message du 12 novembre, Mgr Nahmias nous dit :<br \/>\n\u00ab Vous le savez maintenant depuis quelques jours, le Conseil d&rsquo;Etat a rejet\u00e9 la demande des \u00e9v\u00eaques de France que les fid\u00e8les puissent assister aux messes durant ce second confinement et a demand\u00e9 au gouvernement et aux \u00e9v\u00eaques de dialoguer.<br \/>\n\u00ab Que chacun ob\u00e9isse aux autorit\u00e9s \u00bb, dit saint Paul (Rm 13, 1) : avec regret et conscient de l&rsquo;effort spirituel qu&rsquo;il demande, le Conseil permanent de la Conf\u00e9rence des \u00e9v\u00eaques de France demande aux fid\u00e8les et aux pr\u00eatres de respecter cette d\u00e9cision. \u00bb Je m&rsquo;associe pleinement \u00e0 cette demande de Mgr Eric de Moulins-Beaufort, archev\u00eaque de Reims, pr\u00e9sident de la Conf\u00e9rence des Ev\u00eaques de France. Cette demande est douloureuse pour vous, les fid\u00e8les, mais aussi pour nous les pr\u00eatres. Nos \u00e9glises de Seine-et-Marne, dont un bon nombre restent ouvertes, demeurent des lieux de recueillement, de consolation et d&rsquo;esp\u00e9rance. \u00bb<\/p>\n<p>Dans les secteurs de Cr\u00e9cy et de Quincy, comme \u00e0 Esbly, des temps d&rsquo;ouverture de l&rsquo;\u00e9glise existent :<br \/>\n&#8211; par ex.,  l&rsquo;\u00e9glise St Jean-Baptiste est ouverte tout le jour \u00e0 Esbly ;<br \/>\n&#8211; l&rsquo;\u00e9glise de Quincy, le samedi matin, de 10 h \u00e0 12 h ; le dimanche, de 10 h \u00e0 12 h, Saint-Sacrement expos\u00e9 de 11h \u00e0 midi ;<br \/>\n&#8211; \u00e9glise de Saint-Germain, le dimanche de 11 h \u00e0 12 h.<br \/>\n&#8211; Pour Cr\u00e9cy, il convient d&rsquo;appeler le P. Peterson.<br \/>\nNotez la journ\u00e9e d&rsquo;Adoration eucharistique qui aura lieu en l&rsquo;\u00e9glise Saint-Georges de Cr\u00e9cy, le dimanche du Christ-Roi, de 9 h \u00e0 18 h (nombre limit\u00e9 de fid\u00e8les \u00e0 6 par un planning \u00e9tabli \u00e0 l&rsquo;avance &#8211; veuillez contacter le 06-52-28-28-02 pour vous inscrire).<\/p>\n<p>Pour chaque d\u00e9placement \u00e0 l&rsquo;\u00e9glise, \u00ab Le juge des r\u00e9f\u00e9r\u00e9s a pr\u00e9cis\u00e9 que des instructions avaient \u00e9t\u00e9 donn\u00e9es par les pouvoirs publics pour que toute personne puisse se rendre dans une \u00e9glise proche de son domicile sans condition de distance et en cochant, dans l&rsquo;attestation de d\u00e9placement, la case \u00ab motif familial imp\u00e9rieux \u00bb.<br \/>\nNotre fid\u00e9lit\u00e9 est donc possible, m\u00eame en temps de confinement. Donc, \u00ab mes fr\u00e8res, soyez dans la joie du Seigneur \u00bb.<\/p>\n<p>Et prenez soin de vous et des autres ! <\/p>\n<p>Fraternellement. <\/p>\n<p>P. Michel Henrie, 13\/11\/2020\n<\/p><\/div>\n","protected":false},"excerpt":{"rendered":"<p>La Messe du 33\u00e8me dimanche du temps ordinaire, que nous ne pourrons pas c\u00e9l\u00e9brer ensemble, pour les raisons sanitaires que vous savez, offre \u00e0 notre m\u00e9ditation la parabole des Talents (Matthieu 25, 14-30). Combien&#46;&#46;&#46;<\/p>\n","protected":false},"author":2,"featured_media":0,"comment_status":"open","ping_status":"open","sticky":false,"template":"","format":"standard","meta":{"footnotes":""},"categories":[],"tags":[],"class_list":["post-1306","post","type-post","status-publish","format-standard","hentry"],"_links":{"self":[{"href":"http:\/\/www.chapelle-crecy.com\/index.php?rest_route=\/wp\/v2\/posts\/1306","targetHints":{"allow":["GET"]}}],"collection":[{"href":"http:\/\/www.chapelle-crecy.com\/index.php?rest_route=\/wp\/v2\/posts"}],"about":[{"href":"http:\/\/www.chapelle-crecy.com\/index.php?rest_route=\/wp\/v2\/types\/post"}],"author":[{"embeddable":true,"href":"http:\/\/www.chapelle-crecy.com\/index.php?rest_route=\/wp\/v2\/users\/2"}],"replies":[{"embeddable":true,"href":"http:\/\/www.chapelle-crecy.com\/index.php?rest_route=%2Fwp%2Fv2%2Fcomments&post=1306"}],"version-history":[{"count":0,"href":"http:\/\/www.chapelle-crecy.com\/index.php?rest_route=\/wp\/v2\/posts\/1306\/revisions"}],"wp:attachment":[{"href":"http:\/\/www.chapelle-crecy.com\/index.php?rest_route=%2Fwp%2Fv2%2Fmedia&parent=1306"}],"wp:term":[{"taxonomy":"category","embeddable":true,"href":"http:\/\/www.chapelle-crecy.com\/index.php?rest_route=%2Fwp%2Fv2%2Fcategories&post=1306"},{"taxonomy":"post_tag","embeddable":true,"href":"http:\/\/www.chapelle-crecy.com\/index.php?rest_route=%2Fwp%2Fv2%2Ftags&post=1306"}],"curies":[{"name":"wp","href":"https:\/\/api.w.org\/{rel}","templated":true}]}}