{"id":1307,"date":"2020-11-20T16:56:17","date_gmt":"2020-11-20T16:56:17","guid":{"rendered":""},"modified":"-0001-11-30T00:00:00","modified_gmt":"-0001-11-29T22:00:00","slug":"","status":"publish","type":"post","link":"http:\/\/www.chapelle-crecy.com\/?p=1307","title":{"rendered":"CHRIST-ROI  dimanche 22 novembre 2020"},"content":{"rendered":"<p>Ann\u00e9e A : Ez\u00e9chiel 34, 11-12.15-17 ; Ps. 22 ; 1 Corinthiens 15,20-26.28 ; Matthieu 25,31-46.<\/p>\n<p>Hom\u00e9lie du P\u00e8re Henrie du 22 novembre 2020Chers fr\u00e8res et soeurs, <\/p>\n<div align=\"justify\">\nMalgr\u00e9 les conditions sanitaires qui nous emp\u00eachent de solenniser cette f\u00eate qui ach\u00e8ve l&rsquo;ann\u00e9e liturgique, prenons le temps d&rsquo;en go\u00fbter toute la richesse.<br \/>\n Avons-nous conscience r\u00e9ellement que J\u00e9sus, le Christ, est Roi de l&rsquo;univers ? Cette annonce est-elle d&rsquo;ailleurs pour aujourd&rsquo;hui ou pour demain, \u00ab quand le Fils de l&rsquo;Homme viendra dans sa gloire \u00bb ?<br \/>\nIl faut r\u00e9pondre : \u00ab pour aujourd&rsquo;hui et pour demain \u00bb.<br \/>\nCar la r\u00e9alit\u00e9 nouvelle du salut en J\u00e9sus-Christ conf\u00e8re d\u00e8s aujourd&rsquo;hui \u00e0 la vie des hommes croyants la qualit\u00e9 royale qui est d\u00e9j\u00e0 en Lui.  Mais il faut tout de suite ajouter que notre vie d\u00e9finitive en communion avec Lui dans ce qu&rsquo;il convient d&rsquo;appeler le \u00ab Royaume \u00bb n&rsquo;est pas encore l\u00e0 compl\u00e8tement, et que le Roi lui-m\u00eame n&rsquo;est pas totalement manifest\u00e9. <br \/>\nOui, d&rsquo;une part, J\u00e9sus n&rsquo;a cess\u00e9 de pr\u00eacher le Royaume de Dieu et de proposer \u00e0 ses disciples le chemin pour y entrer. La majorit\u00e9 des paraboles dont il parsemait son enseignement  traitent de ce sujet. Etre sauv\u00e9s, c&rsquo;est  cesser d&rsquo;exister comme \u00e9trangers au Royaume, c&rsquo;est-\u00e0-dire \u00e0 la vie avec Dieu. Le salut consiste \u00e0 s&rsquo;approcher de Dieu avec confiance, comme le dira plus tard saint Paul : \u00ab Souvenez-vous de ce que vous \u00e9tiez autrefois, d\u00e9clare-t-il aux Eph\u00e9siens\u00e2\u20ac\u00a6 Souvenez-vous qu&rsquo;en ce temps-l\u00e0 vous n&rsquo;aviez pas de Messie \u00e0 attendre, vous n&rsquo;aviez pas droit de cit\u00e9 dans le peuple de Dieu, vous \u00e9tiez \u00e9trangers aux alliances et \u00e0 la promesse, vous n&rsquo;aviez pas d&rsquo;esp\u00e9rance, et, dans le monde, vous \u00e9tiez sans Dieu. Mais maintenant, en J\u00e9sus Christ, vous qui \u00e9tiez loin, vous \u00eates devenus proches par le sang du Christ\u00e2\u20ac\u00a6 Par lui, en effet, les uns et les autres, nous avons acc\u00e8s aupr\u00e8s du P\u00e8re, dans un seul Esprit. \u00bb (Ep. 2,11\u00e2\u20ac\u00a612-13 ; 18) Et il ajoute encore : \u00ab C&rsquo;est notre foi au Christ qui nous donne l&rsquo;audace d&rsquo;acc\u00e9der aupr\u00e8s de Dieu en toute confiance \u00bb (Ep. 3,12).<br \/>\nEn attendant que la pleine union du genre humain avec Dieu soit r\u00e9alis\u00e9e, l&rsquo;Eglise a pr\u00e9cis\u00e9ment pour mission re\u00e7ue du Christ qui en a appelle les membres et les envoie dans le monde jusqu&rsquo;\u00e0 la fin des temps, mission de \u00ab rechercher la brebis perdue \u00bb, comme l&rsquo;\u00e9voquent le texte proph\u00e9tique et le psaume de ce dimanche. <br \/>\nCe qui est dit du Dieu d&rsquo;Isra\u00ebl, \u00e0 savoir la bienveillance extr\u00eame du berger qui \u00ab veille sur les brebis \u00bb, les \u00ab d\u00e9livre \u00bb et les fait \u00ab reposer \u00bb se comprend d\u00e9sormais parfaitement \u00e0 la lumi\u00e8re de la mission du Fils. Il est venu lui-m\u00eame, de la part du P\u00e8re, \u00ab \u00e0 la recherche de ses brebis \u00bb. Pensons \u00e0 toutes les occasions o\u00f9 J\u00e9sus a r\u00e9pondu \u00e0 la demande des pauvres et des malades, ainsi qu&rsquo;aux paraboles de la mis\u00e9ricorde (la brebis retrouv\u00e9e, la pi\u00e8ce retrouv\u00e9e, le fils prodigue revenu \u00e0 la vie).<br \/>\nIl faut rappeler aussi ce que J\u00e9sus laisse d\u00e9couvrir \u00e0 ses disciples : il est lui-m\u00eame le \u00ab Royaume \u00bb ou le \u00ab r\u00e8gne de Dieu \u00bb qui est tout proche (Mc 1,15), et qui est m\u00eame \u00ab au milieu de vous \u00bb, dit-il (Lc 17,22).Et il annonce, unissant le pr\u00e9sent et l&rsquo;avenir : \u00ab Et moi, je dispose pour vous du Royaume, comme mon P\u00e8re en a dispos\u00e9 pour moi. Ainsi vous mangerez et boirez \u00e0 ma table dans mon Royaume\u00e2\u20ac\u00a6 \u00bb (Lc 22,29-30)<br \/>\nContemplons maintenant la face cach\u00e9e, ou voil\u00e9e, de ce Royaume auquel nous sommes invit\u00e9s. Dans la foi, en effet, nous ne voyons pas en pleine lumi\u00e8re : \u00abnous voyons actuellement une image obscure dans un miroir, souligne saint Paul ; ce jour-l\u00e0, nous verrons face \u00e0 face \u00bb (1 Cor. 13,12).<br \/>\nRelevons les annonces du Royaume \u00e0 venir pr\u00e9sentes dans la deuxi\u00e8me lecture :<br \/>\n-\u00ab tous revivront \u00bb<br \/>\n-\u00ab tout sera achev\u00e9 \u00bb<br \/>\n-\u00ab le Christ remettra son pouvoir royal \u00e0 Dieu le P\u00e8re \u00bb<br \/>\n-\u00ab le dernier ennemi qu&rsquo;il d\u00e9truira, c&rsquo;est la mort \u00bb<br \/>\n-\u00ab tout sera sous le pouvoir du Fils \u00bb<br \/>\n-\u00ab il se mettra lui-m\u00eame sous le pouvoir du P\u00e8re \u00bb<br \/>\n-\u00ab Dieu sera tout en tous \u00bb.<br \/>\nCette r\u00e9v\u00e9lation, nous le comprenons, s&rsquo;accomplira au-del\u00e0 du temps terrestre, mais nous en avons d\u00e9j\u00e0 les pr\u00e9mices par ce que notre foi au Christ nous fait go\u00fbter d\u00e8s \u00e0 pr\u00e9sent, en particulier dans les sacrements. L&rsquo;Eucharistie de chaque dimanche est le don accessible que le Ressuscit\u00e9 nous a laiss\u00e9, \u00ab jusqu&rsquo;\u00e0 la fin du monde \u00bb (Mt 28,20).<br \/>\nSurtout si ce don est lui-m\u00eame reli\u00e9 au don que nous faisons de nous-m\u00eames dans la charit\u00e9. C&rsquo;est l\u00e0, nous fait comprendre J\u00e9sus, que se reconna \u00eet le plus fortement le Royaume auquel nous appartenons d\u00e9j\u00e0. La parabole du jugement dernier est explicite : celui qui aura aim\u00e9 son prochain \u00ab par des actes et en v\u00e9rit\u00e9 \u00bb (cf. 1 Jean 3,18) re\u00e7oit d\u00e9j\u00e0 \u00ab en h\u00e9ritage le Royaume \u00bb : \u00ab venez, les b\u00e9nis de mon P\u00e8re, recevez en h\u00e9ritage le Royaume pr\u00e9par\u00e9 pour vous depuis la cr\u00e9ation du monde \u00bb(Mt 25,34).<br \/>\nAlors, en ce dernier dimanche de l&rsquo;ann\u00e9e liturgique, je me pose avec vous quelques questions, pour faire ce qu&rsquo;on appelle \u00ab r\u00e9vision de vie \u00bb : <br \/>\n\u00ab De quelle mani\u00e8re est-ce que je proclame par ma vie que J\u00e9sus est Roi ? <br \/>\n\u00ab Quelle est ma disponibilit\u00e9 pour lui, mon ob\u00e9issance \u00e0 ses commandements ? <br \/>\n\u00ab Quel est mon d\u00e9sir, ma volont\u00e9 de le faire conna \u00eetre, reconna \u00eetre comme Roi, autour de moi, par tel ou tel de mes proches, ou par quelqu&rsquo;un qui est plus loin ? \u00bb<br \/>\nPriant les uns pour les autres, nous disons \u00e0 J\u00e9sus, que nous avons suivi tout au long de cette ann\u00e9e : Seigneur, je te rends gr\u00e2ce d&rsquo;avoir fait de moi un membre de ton corps, pr\u00eatre, proph\u00e8te et roi ! Renouvelle ma joie de correspondre \u00e0 ce que tu m&rsquo;as donn\u00e9 d&rsquo;\u00eatre, avec toi et en toi ! Accorde-moi la claire vision de ta sainte volont\u00e9 et la force de vivre davantage la pri\u00e8re et la charit\u00e9 fraternelle, dans ton Eglise et pour le bonheur de tous ! Amen.<\/p>\n<p>P. Michel Henrie\n<\/p><\/div>\n","protected":false},"excerpt":{"rendered":"<p>Ann\u00e9e A : Ez\u00e9chiel 34, 11-12.15-17 ; Ps. 22 ; 1 Corinthiens 15,20-26.28 ; Matthieu 25,31-46. Hom\u00e9lie du P\u00e8re Henrie du 22 novembre 2020Chers fr\u00e8res et soeurs, Malgr\u00e9 les conditions sanitaires qui nous emp\u00eachent&#46;&#46;&#46;<\/p>\n","protected":false},"author":2,"featured_media":0,"comment_status":"open","ping_status":"open","sticky":false,"template":"","format":"standard","meta":{"footnotes":""},"categories":[],"tags":[],"class_list":["post-1307","post","type-post","status-publish","format-standard","hentry"],"_links":{"self":[{"href":"http:\/\/www.chapelle-crecy.com\/index.php?rest_route=\/wp\/v2\/posts\/1307","targetHints":{"allow":["GET"]}}],"collection":[{"href":"http:\/\/www.chapelle-crecy.com\/index.php?rest_route=\/wp\/v2\/posts"}],"about":[{"href":"http:\/\/www.chapelle-crecy.com\/index.php?rest_route=\/wp\/v2\/types\/post"}],"author":[{"embeddable":true,"href":"http:\/\/www.chapelle-crecy.com\/index.php?rest_route=\/wp\/v2\/users\/2"}],"replies":[{"embeddable":true,"href":"http:\/\/www.chapelle-crecy.com\/index.php?rest_route=%2Fwp%2Fv2%2Fcomments&post=1307"}],"version-history":[{"count":0,"href":"http:\/\/www.chapelle-crecy.com\/index.php?rest_route=\/wp\/v2\/posts\/1307\/revisions"}],"wp:attachment":[{"href":"http:\/\/www.chapelle-crecy.com\/index.php?rest_route=%2Fwp%2Fv2%2Fmedia&parent=1307"}],"wp:term":[{"taxonomy":"category","embeddable":true,"href":"http:\/\/www.chapelle-crecy.com\/index.php?rest_route=%2Fwp%2Fv2%2Fcategories&post=1307"},{"taxonomy":"post_tag","embeddable":true,"href":"http:\/\/www.chapelle-crecy.com\/index.php?rest_route=%2Fwp%2Fv2%2Ftags&post=1307"}],"curies":[{"name":"wp","href":"https:\/\/api.w.org\/{rel}","templated":true}]}}