{"id":1309,"date":"2020-11-29T10:23:34","date_gmt":"2020-11-29T10:23:34","guid":{"rendered":""},"modified":"-0001-11-30T00:00:00","modified_gmt":"-0001-11-29T22:00:00","slug":"","status":"publish","type":"post","link":"http:\/\/www.chapelle-crecy.com\/?p=1309","title":{"rendered":"Annonces du 28 novembre au 6 d\u00e9cembre 2020"},"content":{"rendered":"<div align=\"justify\">Voici les annonces de la p\u00e9riode du samedi 28 novembre au dimanche 5 d\u00e9cembre pour la paroisse des 3 clochers Cr\u00e9cy-la-Chapelle, Villiers-sur-Morin, Voulangis. <\/p>\n<p>Samedi 28 novembre \u00e0\u00a0 18 h30, messe \u00e0\u00a0 Voulangis,<br \/>\nDimanche 29 novembre \u00e0\u00a0 9 h 45 et \u00e0\u00a0 18 h, messes \u00e0\u00a0 Cr\u00e9cy.<br \/>\nSamedi 5 d\u00e9cembre \u00e0\u00a0 18 h30, messe \u00e0\u00a0 Villiers,<br \/>\nDimanche6 d\u00e9cembre \u00e0\u00a0 9 h 45, messe \u00e0\u00a0 Cr\u00e9cy.<br \/>\n<br \/>\nTous les d\u00e9tails dans la suite &#8230;<\/div>\n<div align=\"center\">\n<table bgcolor =\"F0FFF6\" border=0>\n<tbody>\n<tr>\n<td width=400><font color=\"00CC00\"><\/p>\n<div align=\"center\">\n<b>Samedi 28 novembre<\/b><\/br><br \/>\n18 h 30 &#8211;  \u00e0 Voulangis, Messe pour Mme FOURCADE.<\/p>\n<p><b>Dimanche 29 Novembre<\/b><br \/>\n<i>1er dimanche de l&rsquo;Avent<\/i><br \/>\n9 h 45 &#8211; Messe \u00e0 Cr\u00e9cy pour Mich\u00e8le GRAZIANI.<br \/>\n18h &#8211; Messe \u00e0 Cr\u00e9cy pour Lucienne POUPLARD.<br \/>\nQUETE POUR LES CHANTIERS DU CARDINAL.<\/p>\n<p><b>Mardi 1er d\u00e9cembre<\/b><br \/>\n<i>Saint Eloi<\/i><br \/>\n10h &#8211; Obs\u00e8ques \u00e0 Voulangis d&rsquo;Andr\u00e9e LECOMTE.<br \/>\n18 h &#8211; Messe \u00e0 Cr\u00e9cy pour Daniel PAQUET suivie d&rsquo;une demi-heure d&rsquo;adoration.\n<\/div>\n<p><\/font><\/td>\n<td><font color=\"00CC00\"><\/p>\n<div align=\"center\"><img decoding=\"async\" src=\"\/IMG\/personnes\/eloi.jpg\" width=200><br \/><i>Saint Eloi<\/i><\/div>\n<p><\/font><\/td>\n<\/tr>\n<\/tbody>\n<\/table>\n<table bgcolor =\"F0F0F6\" border=0>\n<tbody>\n<tr>\n<td><font color=\"0E0C40\"><\/p>\n<div align=\"center\"><img decoding=\"async\" src=\"\/IMG\/personnes\/Francois-xavier.jpg\" width=200><br \/><i>Saint Fran\u00e7ois-Xavier<\/i><\/div>\n<p><\/font><\/td>\n<td width=400><font color=\"0E0C40\"><\/p>\n<div align=\"center\">\n<b>Jeudi 3 d\u00e9cembre<\/b><br \/>\n<i>Saint Fran\u00e7ois-Xavier<\/i><br \/>\n\u00e0 9 h &#8211; Messe \u00e0 Cr\u00e9cy pour Pierre DAVID.<\/p>\n<p><b>Samedi 5 d\u00e9cembre<\/b><\/br><br \/>\n17 h 15 : groupe de pri\u00e8re \u00e0 Villiers.<br \/>\n18 h 30 &#8211; Messe \u00e0 Villiers pour Ren\u00e9 HORLAVILLE.<\/p>\n<p><b>Dimanche 6 d\u00e9cembre<\/b><br \/>\n<i>2\u00e8me dimanche de l&rsquo;Avent<\/i><br \/>\n9 h 45 &#8211; Messe  \u00e0 Cr\u00e9cy pour Jean et Simone BLAVIER &#8211; nous prions aussi pour Mme LECOMTE inhum\u00e9e cette semaine.\n<\/div>\n<p><\/font><\/td>\n<\/tr>\n<\/tbody>\n<\/table>\n<\/div>\n","protected":false},"excerpt":{"rendered":"<p>Voici les annonces de la p\u00e9riode du samedi 28 novembre au dimanche 5 d\u00e9cembre pour la paroisse des 3 clochers Cr\u00e9cy-la-Chapelle, Villiers-sur-Morin, Voulangis. Samedi 28 novembre \u00e0\u00a0 18 h30, messe \u00e0\u00a0 Voulangis, Dimanche 29&#46;&#46;&#46;<\/p>\n","protected":false},"author":2,"featured_media":0,"comment_status":"open","ping_status":"open","sticky":false,"template":"","format":"standard","meta":{"footnotes":""},"categories":[],"tags":[],"class_list":["post-1309","post","type-post","status-publish","format-standard","hentry"],"_links":{"self":[{"href":"http:\/\/www.chapelle-crecy.com\/index.php?rest_route=\/wp\/v2\/posts\/1309","targetHints":{"allow":["GET"]}}],"collection":[{"href":"http:\/\/www.chapelle-crecy.com\/index.php?rest_route=\/wp\/v2\/posts"}],"about":[{"href":"http:\/\/www.chapelle-crecy.com\/index.php?rest_route=\/wp\/v2\/types\/post"}],"author":[{"embeddable":true,"href":"http:\/\/www.chapelle-crecy.com\/index.php?rest_route=\/wp\/v2\/users\/2"}],"replies":[{"embeddable":true,"href":"http:\/\/www.chapelle-crecy.com\/index.php?rest_route=%2Fwp%2Fv2%2Fcomments&post=1309"}],"version-history":[{"count":0,"href":"http:\/\/www.chapelle-crecy.com\/index.php?rest_route=\/wp\/v2\/posts\/1309\/revisions"}],"wp:attachment":[{"href":"http:\/\/www.chapelle-crecy.com\/index.php?rest_route=%2Fwp%2Fv2%2Fmedia&parent=1309"}],"wp:term":[{"taxonomy":"category","embeddable":true,"href":"http:\/\/www.chapelle-crecy.com\/index.php?rest_route=%2Fwp%2Fv2%2Fcategories&post=1309"},{"taxonomy":"post_tag","embeddable":true,"href":"http:\/\/www.chapelle-crecy.com\/index.php?rest_route=%2Fwp%2Fv2%2Ftags&post=1309"}],"curies":[{"name":"wp","href":"https:\/\/api.w.org\/{rel}","templated":true}]}}