{"id":131,"date":"2009-05-30T21:01:00","date_gmt":"2009-05-30T21:01:00","guid":{"rendered":""},"modified":"-0001-11-30T00:00:00","modified_gmt":"-0001-11-29T22:00:00","slug":"","status":"publish","type":"post","link":"http:\/\/www.chapelle-crecy.com\/?p=131","title":{"rendered":"Pentec\u00f4te 1905 \u00e0\u00a0 Voulangis"},"content":{"rendered":"<table bgcolor =\"F0FAFF\" border=0>\n<tbody>\n<tr>\n<td>\n<div align=\"justify\">\n<div \"42\">La Pentecote signifie pour les chr\u00e9tiens la descente de l&rsquo;Esprit-Saint sous forme d&rsquo;une colombe. Elle prit une forme curieuse pour les fid\u00e8les de Voulangis, en cette ann\u00e9e 1905. Le soleil \u00e9tait radieux et la campagne tr\u00e8s belle par ce ti\u00e8de matin de dimanche de Pentec te \u00e0\u00a0 Voulangis.<\/div>\n<\/td>\n<\/tr>\n<\/tbody>\n<\/table>\n<table bgcolor =\"F0FAFF\" border=0>\n<tbody>\n<tr>\n<td>\n<div align=\"justify\">Monsieur le Cur\u00e9 avait pr\u00e9vu une grande messe \u00e0 10h30, et en avait inform\u00e9 en chaire, ses paroissiens, le dimanche pr\u00e9c\u00e9dent, persuad\u00e9 que ses fid\u00e8les viendraient tr\u00e8s nombreux.<br \/>\nMes grands parents qui travaillaient tous deux \u00e0 Paris avaient trouv\u00e9 plus pratique de laisser leurs deux enfants \u00e0 Voulangis  Maurice et ma m\u00e8re H\u00e9l\u00e8ne  \u00e0 la garde de leur grand-m\u00e8re Marie Clotilde.<\/p>\n<p>Ils n&rsquo;avaient pas pu retenir leur fils Maurice \u00e0 la maison car il avait invoqu\u00e9 une bonne raison pour passer chez un copain avant la messe. Consigne lui avait \u00e9t\u00e9 donn\u00e9e de se trouver \u00e0 l&rsquo;entr\u00e9e de l&rsquo;\u00e9glise au plus tard un quart d&rsquo;heure avant le d\u00e9but de l&rsquo;office. <\/p>\n<p>Lorsque mes grands-parents arriv\u00e8rent \u00e0 l&rsquo;\u00e9glise, Maurice n&rsquo;\u00e9tait pas l\u00e0. Ils entr\u00e8rent dans l&rsquo;\u00e9glise pour \u00eatre s\u00fbrs d&rsquo;avoir des places assises, et en r\u00e9serv\u00e8rent une pour Maurice. Nul doute que ce gamin allait arriver d&rsquo;une minute \u00e0 l&rsquo;autre.<\/p>\n<p>L&rsquo;office commen\u00e7a et Maurice n&rsquo;\u00e9tait toujours pas l\u00e0. Le pr\u00eatre commen\u00e7a bient\u00f4t la lecture des \u00e9vangiles et Maurice entra alors dans l&rsquo;\u00e9glise. Apercevant ses parents, il vint s&rsquo;asseoir aupr\u00e8s deux. Le pr\u00eatre arr\u00eata sa lecture et fit silence tant que Maurice ne fut pas assis.<br \/>\nL&rsquo;histoire aurait pu s&rsquo;arr\u00eater l\u00e0 si le gamin s&rsquo;\u00e9tait d\u00e9coiff\u00e9 en entrant dans l&rsquo;\u00e9glise, mais il s&rsquo; \u00e9tait assis l\u00e0, avec sa casquette bien enfonc\u00e9e sur la t\u00eate,  jusqu&rsquo;aux oreilles. <\/p>\n<p>Le pr\u00eatre repris sa lecture. Mon grand-p\u00e8re ne cessait de marmonner \u00e0 voix basse : Maurice, enl\u00e8ve ta casquette! Maurice enl\u00e8ve ta casquette ! Il eut beau le dire plusieurs fois, rien n&rsquo;y fit. Mon oncle faisait semblant de ne pas entendre. <br \/>\nN&rsquo;y tenant plus, mon grand-p\u00e8re, d&rsquo;un geste brusque mis bas cette maudite casquette, lib\u00e9rant ainsi, \u00e0 sa grande surprise, quelques oisillons, que Maurice avait \u00e9t\u00e9 d\u00e9nicher et qu&rsquo;il voulait ramener chez lui. Affol\u00e9s, ils se mirent \u00e0 virevolter en tous sens dans l&rsquo;\u00e9glise. Le pr\u00eatre eut du mal \u00e0 retenir un certain sourire, et je crois, mon grand-p\u00e8re aussi. Ma grand-m\u00e8re, quant \u00e0 elle, \u00e9tait rouge de confusion devant un tel affront.<\/p>\n<p>Claude Roger\n <\/p><\/div>\n<\/td>\n<\/tr>\n<\/tbody>\n<\/table>\n","protected":false},"excerpt":{"rendered":"<p>La Pentecote signifie pour les chr\u00e9tiens la descente de l&rsquo;Esprit-Saint sous forme d&rsquo;une colombe. Elle prit une forme curieuse pour les fid\u00e8les de Voulangis, en cette ann\u00e9e 1905. Le soleil \u00e9tait radieux et la&#46;&#46;&#46;<\/p>\n","protected":false},"author":2,"featured_media":0,"comment_status":"open","ping_status":"open","sticky":false,"template":"","format":"standard","meta":{"footnotes":""},"categories":[],"tags":[],"class_list":["post-131","post","type-post","status-publish","format-standard","hentry"],"_links":{"self":[{"href":"http:\/\/www.chapelle-crecy.com\/index.php?rest_route=\/wp\/v2\/posts\/131","targetHints":{"allow":["GET"]}}],"collection":[{"href":"http:\/\/www.chapelle-crecy.com\/index.php?rest_route=\/wp\/v2\/posts"}],"about":[{"href":"http:\/\/www.chapelle-crecy.com\/index.php?rest_route=\/wp\/v2\/types\/post"}],"author":[{"embeddable":true,"href":"http:\/\/www.chapelle-crecy.com\/index.php?rest_route=\/wp\/v2\/users\/2"}],"replies":[{"embeddable":true,"href":"http:\/\/www.chapelle-crecy.com\/index.php?rest_route=%2Fwp%2Fv2%2Fcomments&post=131"}],"version-history":[{"count":0,"href":"http:\/\/www.chapelle-crecy.com\/index.php?rest_route=\/wp\/v2\/posts\/131\/revisions"}],"wp:attachment":[{"href":"http:\/\/www.chapelle-crecy.com\/index.php?rest_route=%2Fwp%2Fv2%2Fmedia&parent=131"}],"wp:term":[{"taxonomy":"category","embeddable":true,"href":"http:\/\/www.chapelle-crecy.com\/index.php?rest_route=%2Fwp%2Fv2%2Fcategories&post=131"},{"taxonomy":"post_tag","embeddable":true,"href":"http:\/\/www.chapelle-crecy.com\/index.php?rest_route=%2Fwp%2Fv2%2Ftags&post=131"}],"curies":[{"name":"wp","href":"https:\/\/api.w.org\/{rel}","templated":true}]}}