{"id":1310,"date":"2020-11-30T11:53:42","date_gmt":"2020-11-30T11:53:42","guid":{"rendered":""},"modified":"-0001-11-30T00:00:00","modified_gmt":"-0001-11-29T22:00:00","slug":"","status":"publish","type":"post","link":"http:\/\/www.chapelle-crecy.com\/?p=1310","title":{"rendered":"Une lettre de notre \u00e9v\u00eaque  Mgr Nahmias  \u00e9v\u00eaque de Meaux"},"content":{"rendered":"<div align=\"justify\">\nChers amis,<br \/>\nComme beaucoup d&rsquo;entre vous, je suis \u00e9tonn\u00e9 des propos du Premier ministre de jeudi dernier. Dans son intervention, le chef du gouvernement affirme que \u00ab les lieux de cultes ont \u00e9t\u00e9, en France comme ailleurs, des lieux de contamination Ces lieux accueilleront d&rsquo;abord trente personnes dans le respect des r\u00e8gles sanitaires. \u00bb<br \/>\nCes paroles ont \u00e9t\u00e9 re\u00e7ues durement, comme un non-respect des catholiques et de leur bonne volont\u00e9 qui n&rsquo;a pas fait d\u00e9faut depuis le d\u00e9but de la pand\u00e9mie. C&rsquo;est pourquoi je suis signataire du \u00ab r\u00e9f\u00e9r\u00e9 libert\u00e9 \u00bb pr\u00e9sent\u00e9 par la Conf\u00e9rence des \u00e9v\u00eaques de France.<br \/>\nNous avons compris, depuis les premiers jours, l&rsquo;importance de collaborer \u00e0\u00a0 l&rsquo;effort national et nous n&rsquo;avons pas \u00e9t\u00e9 en reste. Dimanche, nous allons d\u00e9multiplier les messes l\u00e0\u00a0 o\u00f9 cela est possible et respecter la loi.  Mais je ne demanderai pas aux pr\u00eatres de compter les fid\u00e8les dans le but d&rsquo;en exclure. Je fais confiance au bon sens des pr\u00eatres pour trouver les modalit\u00e9s les plus adapt\u00e9es et pour respecter strictement les mesures sanitaires qui prot\u00e8gent la sant\u00e9 de chacun.<br \/>\nDans cette p\u00e9riode difficile pour tous, je pense particuli\u00e8rement aux personnes qui traversent l&rsquo;\u00e9preuve d&rsquo;un deuil ou de la maladie ainsi qu&rsquo;\u00e0\u00a0 celles qui vivent difficilement la solitude. Je veux dire ma proximit\u00e9 avec tous ceux qui sont confront\u00e9s aux difficult\u00e9s \u00e9conomiques et j&rsquo;assure de ma pri\u00e8re l&rsquo;ensemble de ceux qui ont la dure t che de conduire notre pays.<br \/>\n+ Jean-Yves Nahmias<br \/>\n\u00e9v\u00eaque de Meaux<\/div>\n","protected":false},"excerpt":{"rendered":"<p>Chers amis, Comme beaucoup d&rsquo;entre vous, je suis \u00e9tonn\u00e9 des propos du Premier ministre de jeudi dernier. Dans son intervention, le chef du gouvernement affirme que \u00ab les lieux de cultes ont \u00e9t\u00e9, en&#46;&#46;&#46;<\/p>\n","protected":false},"author":2,"featured_media":0,"comment_status":"open","ping_status":"open","sticky":false,"template":"","format":"standard","meta":{"footnotes":""},"categories":[],"tags":[],"class_list":["post-1310","post","type-post","status-publish","format-standard","hentry"],"_links":{"self":[{"href":"http:\/\/www.chapelle-crecy.com\/index.php?rest_route=\/wp\/v2\/posts\/1310","targetHints":{"allow":["GET"]}}],"collection":[{"href":"http:\/\/www.chapelle-crecy.com\/index.php?rest_route=\/wp\/v2\/posts"}],"about":[{"href":"http:\/\/www.chapelle-crecy.com\/index.php?rest_route=\/wp\/v2\/types\/post"}],"author":[{"embeddable":true,"href":"http:\/\/www.chapelle-crecy.com\/index.php?rest_route=\/wp\/v2\/users\/2"}],"replies":[{"embeddable":true,"href":"http:\/\/www.chapelle-crecy.com\/index.php?rest_route=%2Fwp%2Fv2%2Fcomments&post=1310"}],"version-history":[{"count":0,"href":"http:\/\/www.chapelle-crecy.com\/index.php?rest_route=\/wp\/v2\/posts\/1310\/revisions"}],"wp:attachment":[{"href":"http:\/\/www.chapelle-crecy.com\/index.php?rest_route=%2Fwp%2Fv2%2Fmedia&parent=1310"}],"wp:term":[{"taxonomy":"category","embeddable":true,"href":"http:\/\/www.chapelle-crecy.com\/index.php?rest_route=%2Fwp%2Fv2%2Fcategories&post=1310"},{"taxonomy":"post_tag","embeddable":true,"href":"http:\/\/www.chapelle-crecy.com\/index.php?rest_route=%2Fwp%2Fv2%2Ftags&post=1310"}],"curies":[{"name":"wp","href":"https:\/\/api.w.org\/{rel}","templated":true}]}}