{"id":1311,"date":"2020-12-05T13:30:58","date_gmt":"2020-12-05T13:30:58","guid":{"rendered":""},"modified":"-0001-11-30T00:00:00","modified_gmt":"-0001-11-29T22:00:00","slug":"","status":"publish","type":"post","link":"http:\/\/www.chapelle-crecy.com\/?p=1311","title":{"rendered":"Annonces du 5 au 13 d\u00e9cembre 2020"},"content":{"rendered":"<div align=\"justify\">Voici les annonces de la p\u00e9riode du samedi 5 au dimanche 13 d\u00e9cembre pour la paroisse des 3 clochers Cr\u00e9cy-la-Chapelle, Villiers-sur-Morin, Voulangis. <\/p>\n<p>Samedi 5 d\u00e9cembre \u00e0\u00a0 18 h30, messe \u00e0\u00a0 Villiers,<br \/>\nDimanche 6 d\u00e9cembre \u00e0\u00a0 9 h 45, messe \u00e0\u00a0 Cr\u00e9cy.<br \/>\nSamedi 12 d\u00e9cembre \u00e0\u00a0 18 h30, messe \u00e0\u00a0 Voulangis,<br \/>\nDimanche 13 d\u00e9cembre \u00e0\u00a0 9 h 45, messe \u00e0\u00a0 Cr\u00e9cy.<br \/>\n<br \/>\nTous les d\u00e9tails dans la suite &#8230;<\/div>\n<div align=\"center\">\n<table bgcolor =\"F0FFF6\" border=0>\n<tbody>\n<tr>\n<td width=400><font color=\"00CC00\"><\/p>\n<div align=\"center\">\n<b>Samedi 5 d\u00e9cembre<\/b><\/br><br \/>\n17 h 15 : groupe de pri\u00e8re \u00e0 Villiers.<br \/>\n18 h 30 &#8211; Messe \u00e0 Villiers pour Ren\u00e9 HORLAVILLE.<\/p>\n<p><b>Dimanche 6 d\u00e9cembre<\/b><br \/>\n<i>2\u00e8me dimanche de l&rsquo;Avent<\/i><br \/>\n9 h 45 &#8211; Messe  \u00e0 Cr\u00e9cy pour Jean et Simone BLAVIER &#8211; nous prions aussi pour Mme LECOMTE inhum\u00e9e cette semaine.<\/p>\n<p><b>Lundi 7 d\u00e9cembre<\/b><br \/>\n15 h &#8211; Obs\u00e8ques \u00e0 Voulangis de Denise TRAVET<\/p>\n<p><b>Mardi 8 d\u00e9cembre<\/b><br \/>\n<i>SOLENNITE DE L&rsquo;IMMACULEE CONCEPTION<\/i><br \/>\n19 h &#8211; \u00e0 Cr\u00e9cy Messe des EQUIPES NOTRE DAME du nord de la Seine-et-Marne.\n<\/div>\n<p><\/font><\/td>\n<td><font color=\"00CC00\"><\/p>\n<div align=\"center\"><img decoding=\"async\" src=\"\/IMG\/personnes\/immaculee_conception.jpg\" width=200><br \/><i>L&rsquo;IMMACULEE CONCEPTION<\/i><\/div>\n<p><\/font><\/td>\n<\/tr>\n<\/tbody>\n<\/table>\n<p> <\/p>\n<table bgcolor =\"F0F0F6\" border=0>\n<tbody>\n<tr>\n<td><font color=\"0E0C40\"><\/p>\n<div align=\"center\"><img decoding=\"async\" src=\"\/IMG\/personnes\/romaric.jpg\" width=200><br \/><i>Saint Romaric<\/i><\/div>\n<p><\/font><\/td>\n<td width=400><font color=\"0E0C40\"><\/p>\n<div align=\"center\">\n<b>Jeudi 10 d\u00e9cembre<\/b><br \/>\n<i>Saint Romaric<\/i><br \/>\n\u00e0 9 h &#8211; Messe \u00e0 Cr\u00e9cy pour Michel THIEBAULT.<\/p>\n<p><b>Samedi 12 d\u00e9cembre<\/b><\/br><br \/>\n18 h 30 &#8211; Messe \u00e0 Voulangis pour Andr\u00e9 CHOQUEL et Corinne RUELLE.<br \/>\nNous prions aussi pour Denise TRAVET inhum\u00e9e lundi.<\/p>\n<p><b>Dimanche 13 d\u00e9cembre<\/b><br \/>\n<i>3\u00e8me dimanche de l&rsquo;Avent<\/i><br \/>\n9 h 45 &#8211; Messe  \u00e0 Cr\u00e9cy pour Lucienne POUPLARD, Raymond NOEL et Pierre LOUIS\n<\/div>\n<p><\/font><\/td>\n<\/tr>\n<\/tbody>\n<\/table>\n<\/div>\n","protected":false},"excerpt":{"rendered":"<p>Voici les annonces de la p\u00e9riode du samedi 5 au dimanche 13 d\u00e9cembre pour la paroisse des 3 clochers Cr\u00e9cy-la-Chapelle, Villiers-sur-Morin, Voulangis. Samedi 5 d\u00e9cembre \u00e0\u00a0 18 h30, messe \u00e0\u00a0 Villiers, Dimanche 6 d\u00e9cembre&#46;&#46;&#46;<\/p>\n","protected":false},"author":2,"featured_media":0,"comment_status":"open","ping_status":"open","sticky":false,"template":"","format":"standard","meta":{"footnotes":""},"categories":[],"tags":[],"class_list":["post-1311","post","type-post","status-publish","format-standard","hentry"],"_links":{"self":[{"href":"http:\/\/www.chapelle-crecy.com\/index.php?rest_route=\/wp\/v2\/posts\/1311","targetHints":{"allow":["GET"]}}],"collection":[{"href":"http:\/\/www.chapelle-crecy.com\/index.php?rest_route=\/wp\/v2\/posts"}],"about":[{"href":"http:\/\/www.chapelle-crecy.com\/index.php?rest_route=\/wp\/v2\/types\/post"}],"author":[{"embeddable":true,"href":"http:\/\/www.chapelle-crecy.com\/index.php?rest_route=\/wp\/v2\/users\/2"}],"replies":[{"embeddable":true,"href":"http:\/\/www.chapelle-crecy.com\/index.php?rest_route=%2Fwp%2Fv2%2Fcomments&post=1311"}],"version-history":[{"count":0,"href":"http:\/\/www.chapelle-crecy.com\/index.php?rest_route=\/wp\/v2\/posts\/1311\/revisions"}],"wp:attachment":[{"href":"http:\/\/www.chapelle-crecy.com\/index.php?rest_route=%2Fwp%2Fv2%2Fmedia&parent=1311"}],"wp:term":[{"taxonomy":"category","embeddable":true,"href":"http:\/\/www.chapelle-crecy.com\/index.php?rest_route=%2Fwp%2Fv2%2Fcategories&post=1311"},{"taxonomy":"post_tag","embeddable":true,"href":"http:\/\/www.chapelle-crecy.com\/index.php?rest_route=%2Fwp%2Fv2%2Ftags&post=1311"}],"curies":[{"name":"wp","href":"https:\/\/api.w.org\/{rel}","templated":true}]}}