{"id":1312,"date":"2020-12-05T23:19:40","date_gmt":"2020-12-05T23:19:40","guid":{"rendered":""},"modified":"-0001-11-30T00:00:00","modified_gmt":"-0001-11-29T22:00:00","slug":"","status":"publish","type":"post","link":"http:\/\/www.chapelle-crecy.com\/?p=1312","title":{"rendered":"Message pastoral de Mgr Nahmias &#8211; 2eme dimanche de l&rsquo;Avent"},"content":{"rendered":"<div align=\"justify\">\nBon temps de l&rsquo;Avent, bonne marche vers No\u00f6l !<\/p>\n<p>Chers amis,<\/p>\n<p>Avec le premier dimanche de l&rsquo;Avent nous entrons dans le temps de l&rsquo;av\u00e8nement, adventus en latin. <\/p>\n<p>Qu&rsquo;attendons-nous donc, avec tant de ferveur, qu&rsquo;il nous faille c\u00e9l\u00e9brer par avance sa venue pendant quatre semaines ? Nous nous pr\u00e9parons \u00e0\u00a0 faire m\u00e9moire de la naissance du Messie, le sauveur des hommes.<\/p>\n<p>Les lectures propos\u00e9es par la liturgie nous feront relire les annonces proph\u00e9tiques port\u00e9es par le livre d&rsquo;Isa\u00efe et nous entendrons dans les \u00e9vangiles les r\u00e9cits de la pr\u00e9paration de cette venue. Occasion pour nous de pr\u00e9parer nos coeurs et pas seulement nos maisons \u00e0\u00a0 la venue du Sauveur. <\/p>\n<p>No\u00f6l est traditionnellement pour nos familles un rendez-vous de convivialit\u00e9 et de joie. Comment allons-nous, cette ann\u00e9e, vivre ce moment ? La pand\u00e9mie, la crise peuvent nous \u00e9loigner de la joie familiale mais rien ne peut nous enlever la joie d&rsquo;accueillir le Sauveur, de se savoir aim\u00e9 par Dieu. C&rsquo;est un cadeau, \u00e0\u00a0 la fois personnel et communautaire.<\/p>\n<p>Ainsi, toute l&rsquo;\u00e9glise, &#8211; et le monde avec elle -, est invit\u00e9e \u00e0\u00a0 une attente et \u00e0\u00a0 une esp\u00e9rance joyeuses et apais\u00e9es pour pr\u00e9parer nos coeurs \u00e0\u00a0 la venue de J\u00e9sus, le Prince de la Paix. Laissons-nous transformer par la proximit\u00e9 de No\u00f6l et \u00e9merveillons-nous devant la cr\u00e8che en cultivant notre d\u00e9sir de Dieu.<\/p>\n<p>Dieu lui-m\u00eame vient nous sauver. Le temps de l&rsquo;Avent est ce temps o\u00f9 nous nous pr\u00e9parons \u00e0\u00a0 \u00e9largir notre coeur \u00e0\u00a0 la nouveaut\u00e9 radicale de la naissance de cet enfant \u00e0\u00a0 Bethl\u00e9em. C&rsquo;est aussi le moment o\u00f9 on installe les cr\u00e8ches. Les notions d&rsquo;incarnation et de r\u00e9demption ne suscitent pas forc\u00e9ment spontan\u00e9ment de joie et de reconnaissance dans nos coeurs, alors que la vision d&rsquo;une cr\u00e8che nous ouvre \u00e0\u00a0 la bont\u00e9 du projet de Dieu pour l&rsquo;humanit\u00e9. Je voudrais souligner la grande vertu p\u00e9dagogique des cr\u00e8ches que nous installons dans nos \u00e9glises et dans nos maisons. Saint Fran\u00e7ois d&rsquo;Assise a eu une id\u00e9e de g\u00e9nie en donnant \u00e0\u00a0 l&rsquo;Eglise cette belle tradition de la cr\u00e8che. Que nous soyons jeunes ou plus  g\u00e9s, nos cr\u00e8ches ont ce pouvoir de nous \u00e9merveiller, de nous mettre dans la joie et de nous conduire au coeur du myst\u00e8re de la foi.<\/p>\n<p>La cr\u00e8che ne rappelle pas seulement un \u00e9v\u00e9nement du pass\u00e9, mais bien le fait que le Christ veut faire sa demeure en nous aujourd&rsquo;hui. Elle a aussi une dimension missionnaire : n&rsquo;h\u00e9sitez pas \u00e0\u00a0 conduire amis, enfants devant les cr\u00e8ches de vos \u00e9glises et profitez de ces moments pour faire une petite cat\u00e9ch\u00e8se. Peut-\u00eatre, si vous le jugez possible, vous pourrez proposer que chacun adresse dans son coeur une pri\u00e8re \u00e0\u00a0 l&rsquo;Enfant J\u00e9sus. La cr\u00e8che que vous installerez dans votre maison repr\u00e9sente aujourd&rsquo;hui bien plus qu&rsquo;une tradition, elle exprime la volont\u00e9 d&rsquo;accueillir J\u00e9sus au coeur de la vie familiale.<\/p>\n<p>Je souhaite \u00e0\u00a0 chacun d&rsquo;entre vous un temps de l&rsquo;Avent heureux et apais\u00e9, ainsi qu&rsquo;une belle nouvelle ann\u00e9e liturgique. Bonne marche vers la joie de No\u00f6l !<\/p>\n<p>+ Jean-Yves Nahmias<\/p>\n<p>\u00e9v\u00eaque de Meaux<\/p>\n<div align=\"center\"><iframe loading=\"lazy\" width=\"533\" height=\"300\" src=\"https:\/\/www.youtube.com\/embed\/FcC1tQZ9RD4\" frameborder=\"0\" allow=\"accelerometer; autoplay; clipboard-write; encrypted-media; gyroscope; picture-in-picture\" allowfullscreen><\/iframe><\/div>\n<\/div>\n","protected":false},"excerpt":{"rendered":"<p>Bon temps de l&rsquo;Avent, bonne marche vers No\u00f6l ! Chers amis, Avec le premier dimanche de l&rsquo;Avent nous entrons dans le temps de l&rsquo;av\u00e8nement, adventus en latin. Qu&rsquo;attendons-nous donc, avec tant de ferveur, qu&rsquo;il&#46;&#46;&#46;<\/p>\n","protected":false},"author":2,"featured_media":0,"comment_status":"open","ping_status":"open","sticky":false,"template":"","format":"standard","meta":{"footnotes":""},"categories":[],"tags":[],"class_list":["post-1312","post","type-post","status-publish","format-standard","hentry"],"_links":{"self":[{"href":"http:\/\/www.chapelle-crecy.com\/index.php?rest_route=\/wp\/v2\/posts\/1312","targetHints":{"allow":["GET"]}}],"collection":[{"href":"http:\/\/www.chapelle-crecy.com\/index.php?rest_route=\/wp\/v2\/posts"}],"about":[{"href":"http:\/\/www.chapelle-crecy.com\/index.php?rest_route=\/wp\/v2\/types\/post"}],"author":[{"embeddable":true,"href":"http:\/\/www.chapelle-crecy.com\/index.php?rest_route=\/wp\/v2\/users\/2"}],"replies":[{"embeddable":true,"href":"http:\/\/www.chapelle-crecy.com\/index.php?rest_route=%2Fwp%2Fv2%2Fcomments&post=1312"}],"version-history":[{"count":0,"href":"http:\/\/www.chapelle-crecy.com\/index.php?rest_route=\/wp\/v2\/posts\/1312\/revisions"}],"wp:attachment":[{"href":"http:\/\/www.chapelle-crecy.com\/index.php?rest_route=%2Fwp%2Fv2%2Fmedia&parent=1312"}],"wp:term":[{"taxonomy":"category","embeddable":true,"href":"http:\/\/www.chapelle-crecy.com\/index.php?rest_route=%2Fwp%2Fv2%2Fcategories&post=1312"},{"taxonomy":"post_tag","embeddable":true,"href":"http:\/\/www.chapelle-crecy.com\/index.php?rest_route=%2Fwp%2Fv2%2Ftags&post=1312"}],"curies":[{"name":"wp","href":"https:\/\/api.w.org\/{rel}","templated":true}]}}