{"id":1313,"date":"2020-12-06T20:17:38","date_gmt":"2020-12-06T20:17:38","guid":{"rendered":""},"modified":"-0001-11-30T00:00:00","modified_gmt":"-0001-11-29T22:00:00","slug":"","status":"publish","type":"post","link":"http:\/\/www.chapelle-crecy.com\/?p=1313","title":{"rendered":"Message de Mgr Nahmias  Ev\u00eaque de Meaux"},"content":{"rendered":"<div align=\"justify\">La participation aux messes est possible pour ceux qui le souhaitent, la \u00ab\u00a0jauge\u00a0\u00bb de 30 personnes n&rsquo;existe plus. La nouvelle r\u00e8gle fix\u00e9e par le Minist\u00e8re de l&rsquo;Int\u00e9rieur, en date du 2 d\u00e9cembre, impose aux lieux de culte de \u00ablaisser  libres deux si\u00e8ges entre chaque personne ou entit\u00e9 familiale et de n&rsquo;occuper qu&rsquo;une rang\u00e9e sur deux \u00bb. Les fid\u00e8les catholiques devront donc appliquer cette mesure, en particulier, les deux  prochains dimanches 6 et 13 d\u00e9cembre, et pour la messe du 8 d\u00e9cembre, f\u00eate de l&rsquo;Immacul\u00e9e Conception.<br \/>\n<a href=\"http:\/\/www.chapelle-crecy.com\/spip.php?article1321&#038;var_mode=calcul\">Cliquez ici pour lire le Message de Mgr Nahmias, Ev\u00eaque de Meaux<\/a><\/div>\n","protected":false},"excerpt":{"rendered":"<p>La participation aux messes est possible pour ceux qui le souhaitent, la \u00ab\u00a0jauge\u00a0\u00bb de 30 personnes n&rsquo;existe plus. La nouvelle r\u00e8gle fix\u00e9e par le Minist\u00e8re de l&rsquo;Int\u00e9rieur, en date du 2 d\u00e9cembre, impose aux&#46;&#46;&#46;<\/p>\n","protected":false},"author":2,"featured_media":0,"comment_status":"open","ping_status":"open","sticky":false,"template":"","format":"standard","meta":{"footnotes":""},"categories":[],"tags":[],"class_list":["post-1313","post","type-post","status-publish","format-standard","hentry"],"_links":{"self":[{"href":"http:\/\/www.chapelle-crecy.com\/index.php?rest_route=\/wp\/v2\/posts\/1313","targetHints":{"allow":["GET"]}}],"collection":[{"href":"http:\/\/www.chapelle-crecy.com\/index.php?rest_route=\/wp\/v2\/posts"}],"about":[{"href":"http:\/\/www.chapelle-crecy.com\/index.php?rest_route=\/wp\/v2\/types\/post"}],"author":[{"embeddable":true,"href":"http:\/\/www.chapelle-crecy.com\/index.php?rest_route=\/wp\/v2\/users\/2"}],"replies":[{"embeddable":true,"href":"http:\/\/www.chapelle-crecy.com\/index.php?rest_route=%2Fwp%2Fv2%2Fcomments&post=1313"}],"version-history":[{"count":0,"href":"http:\/\/www.chapelle-crecy.com\/index.php?rest_route=\/wp\/v2\/posts\/1313\/revisions"}],"wp:attachment":[{"href":"http:\/\/www.chapelle-crecy.com\/index.php?rest_route=%2Fwp%2Fv2%2Fmedia&parent=1313"}],"wp:term":[{"taxonomy":"category","embeddable":true,"href":"http:\/\/www.chapelle-crecy.com\/index.php?rest_route=%2Fwp%2Fv2%2Fcategories&post=1313"},{"taxonomy":"post_tag","embeddable":true,"href":"http:\/\/www.chapelle-crecy.com\/index.php?rest_route=%2Fwp%2Fv2%2Ftags&post=1313"}],"curies":[{"name":"wp","href":"https:\/\/api.w.org\/{rel}","templated":true}]}}