{"id":1314,"date":"2020-12-11T17:36:00","date_gmt":"2020-12-11T17:36:00","guid":{"rendered":""},"modified":"-0001-11-30T00:00:00","modified_gmt":"-0001-11-29T22:00:00","slug":"","status":"publish","type":"post","link":"http:\/\/www.chapelle-crecy.com\/?p=1314","title":{"rendered":"Proposition de service de dame de compagnie"},"content":{"rendered":"<div align=\"justify\">Les personnes les plus frapp\u00e9es par la Covid19, qui continue de s\u00e9vir en France, sont les personnes  g\u00e9es. Dans notre secteur paroissial de Cr\u00e9cy, nous les portons dans la pri\u00e8re. Mais peut-\u00eatre, \u00e0\u00a0 l&rsquo;approche des f\u00eates de fin d&rsquo;ann\u00e9e, personne  g\u00e9e ou seule, vous trouvez-vous face \u00e0\u00a0 des situations pratiques difficiles \u00e0\u00a0 g\u00e9rer? Une fois n&rsquo;est pas coutume, voici l&rsquo;annonce de Sophie, qui, s&rsquo;occupe actuellement \u00e0\u00a0 domicile d&rsquo;une dame qui a la maladie d&rsquo;Alzheimer: <\/p>\n<p>Je suis Sophie Barbier, j&rsquo;habite \u00e0\u00a0 La Haute Maison, et je vous propose mes services de dame de compagnie sur le secteur de Cr\u00e9cy: (pour en savoir plus, cliquer \u00e0\u00a0 droite sur \u00ab\u00a0Lire l&rsquo;article&#8230;\u00a0\u00bb)<\/p>\n<\/div>\n<div align=\"justify\">\n  Accompagnement d&rsquo;une personne seule \/ d\u00e9pendante \/ \u00e2g\u00e9e \/ malade autour de:<br \/>\n Jeux, lectures, promenades, courses, sorties, etc.<br \/>\n Nuits et week-ends possibles.<br \/>\n Si vous \u00eates int\u00e9ress\u00e9 (e), le mieux, ce serait de nous rencontrer pour \u00e9tudier vos besoins ou ceux de votre famille.<br \/>\n Dans la confiance et l&rsquo;esp\u00e9rance de vous rencontrer.<br \/>\n Voici mes coordonn\u00e9es:<br \/>\n T\u00e9l: 06-35-54-65-25  \/ Email: sophielesmottes@gmail.com\n<\/div>\n","protected":false},"excerpt":{"rendered":"<p>Les personnes les plus frapp\u00e9es par la Covid19, qui continue de s\u00e9vir en France, sont les personnes g\u00e9es. Dans notre secteur paroissial de Cr\u00e9cy, nous les portons dans la pri\u00e8re. Mais peut-\u00eatre, \u00e0\u00a0 l&rsquo;approche&#46;&#46;&#46;<\/p>\n","protected":false},"author":2,"featured_media":0,"comment_status":"open","ping_status":"open","sticky":false,"template":"","format":"standard","meta":{"footnotes":""},"categories":[],"tags":[],"class_list":["post-1314","post","type-post","status-publish","format-standard","hentry"],"_links":{"self":[{"href":"http:\/\/www.chapelle-crecy.com\/index.php?rest_route=\/wp\/v2\/posts\/1314","targetHints":{"allow":["GET"]}}],"collection":[{"href":"http:\/\/www.chapelle-crecy.com\/index.php?rest_route=\/wp\/v2\/posts"}],"about":[{"href":"http:\/\/www.chapelle-crecy.com\/index.php?rest_route=\/wp\/v2\/types\/post"}],"author":[{"embeddable":true,"href":"http:\/\/www.chapelle-crecy.com\/index.php?rest_route=\/wp\/v2\/users\/2"}],"replies":[{"embeddable":true,"href":"http:\/\/www.chapelle-crecy.com\/index.php?rest_route=%2Fwp%2Fv2%2Fcomments&post=1314"}],"version-history":[{"count":0,"href":"http:\/\/www.chapelle-crecy.com\/index.php?rest_route=\/wp\/v2\/posts\/1314\/revisions"}],"wp:attachment":[{"href":"http:\/\/www.chapelle-crecy.com\/index.php?rest_route=%2Fwp%2Fv2%2Fmedia&parent=1314"}],"wp:term":[{"taxonomy":"category","embeddable":true,"href":"http:\/\/www.chapelle-crecy.com\/index.php?rest_route=%2Fwp%2Fv2%2Fcategories&post=1314"},{"taxonomy":"post_tag","embeddable":true,"href":"http:\/\/www.chapelle-crecy.com\/index.php?rest_route=%2Fwp%2Fv2%2Ftags&post=1314"}],"curies":[{"name":"wp","href":"https:\/\/api.w.org\/{rel}","templated":true}]}}