{"id":1316,"date":"2020-12-12T01:32:12","date_gmt":"2020-12-12T01:32:12","guid":{"rendered":""},"modified":"-0001-11-30T00:00:00","modified_gmt":"-0001-11-29T22:00:00","slug":"","status":"publish","type":"post","link":"http:\/\/www.chapelle-crecy.com\/?p=1316","title":{"rendered":"Bon 3\u00e8me dimanche de l&rsquo;Avent  dimanche de la joie !"},"content":{"rendered":"<div align=\"justify\">Toutes les semaines, nous vous proposons de lire les textes du dimanche et de les m\u00e9diter \u00e0\u00a0 la lumi\u00e8re du commentaire d&rsquo;\u00e9vangile qui suit. A la fin de cet article, retrouvez \u00e9galement tous les horaires des messes de la nuit et du jour de No\u00f6l qui se tiendront dans les secteur d&rsquo;Esbly, Quincy et Cr\u00e9cy. Bon cheminement vers No\u00f6l.<\/p>\n<div align=\"center\"><iframe loading=\"lazy\" width=\"640\" height=\"360\" src=\"https:\/\/www.youtube.com\/embed\/eAom09Sx7qA\" frameborder=\"0\" allow=\"accelerometer; autoplay; clipboard-write; encrypted-media; gyroscope; picture-in-picture\" allowfullscreen><\/iframe><\/div>\n<\/div>\n<div align=\"justify\">\n LECTURE du livre du proph\u00e8te Isa\u00efe (61, 1-2a.10-11)<br \/>\n  \u00ab Je tressaille de joie dans le Seigneur \u00bb<br \/>\n L&rsquo;esprit du Seigneur Dieu est sur moi parce que le Seigneur m&rsquo;a consacr\u00e9 par l&rsquo;onction. Il m&rsquo;a envoy\u00e9 annoncer la bonne nouvelle aux humbles, gu\u00e9rir ceux qui ont le coeur bris\u00e9, proclamer aux captifs leur d\u00e9livrance, aux prisonniers leur lib\u00e9ration, proclamer une ann\u00e9e de bienfaits accord\u00e9e par le Seigneur.<br \/>\n Je tressaille de joie dans le Seigneur, mon \u00e2me exulte en mon Dieu. Car il m&rsquo;a v\u00eatu des v\u00eatements du salut, il m&rsquo;a couvert du manteau de la justice, comme le jeune mari\u00e9 orn\u00e9 du diad\u00e8me, la jeune mari\u00e9e que parent ses joyaux. Comme la terre fait \u00e9clore son germe, et le jardin, germer ses semences, le Seigneur Dieu fera germer la justice et la louange devant toutes les nations.<\/p>\n<p>\n Psaume<br \/>\n Refrain: Mon \u00e2me exulte en mon Dieu.<br \/>\n Mon \u00e2me exalte le Seigneur,<br \/>\n exulte mon esprit en Dieu, mon Sauveur !<br \/>\n Il s&rsquo;est pench\u00e9 sur son humble servante ;<br \/>\n d\u00e9sormais tous les \u00e2ges me diront bienheureuse. R<\/p>\n<p>Le Puissant fit pour moi des merveilles;<br \/>\nSaint est son nom !<br \/>\nSa mis\u00e9ricorde s&rsquo;\u00e9tend d&rsquo;\u00e2ge en \u00e2ge<br \/>\nsur ceux qui le craignent. R<\/p>\n<p>Il comble de biens les affam\u00e9s,<br \/>\nrenvoie les riches les mains vides.<br \/>\nIl rel\u00e8ve Isra\u00ebl son serviteur,<br \/>\nil se souvient de son amour.  R<\/p>\n<p>LECTURE de la premi\u00e8re lettre de saint Paul ap\u00f4tre aux Thessaloniciens (5, 16-24)<br \/>\n \u00ab Que votre esprit, votre \u00e2me et votre corps soient gard\u00e9s pour la venue du Seigneur \u00bb<br \/>\nFr\u00e8res, soyez toujours dans la joie, priez sans rel\u00e2che, rendez gr\u00e2ce en toute circonstance : c&rsquo;est la volont\u00e9 de Dieu \u00e0 votre \u00e9gard dans le Christ J\u00e9sus. N&rsquo;\u00e9teignez pas l&rsquo;Esprit, ne m\u00e9prisez pas les proph\u00e9ties, mais discernez la valeur de toute chose : ce qui est bien, gardez-le ; \u00e9loignez-vous de toute esp\u00e8ce de mal.Que le Dieu de la paix lui-m\u00eame vous sanctifie tout entiers ; que votre esprit, votre \u00e2me et votre corps, soient tout entiers gard\u00e9s sans reproche pour la venue de notre Seigneur J\u00e9sus Christ. Il est fid\u00e8le, Celui qui vous appelle : tout cela, il le fera.<\/p>\n<p>EVANGILE SELON ST Jean (1, 6-8.19-28)<br \/>\n\u00ab Au milieu de vous se tient celui que vous ne connaissez pas \u00bb<br \/>\nIl y eut un homme envoy\u00e9 par Dieu ; son nom \u00e9tait Jean. Il est venu comme t\u00e9moin, pour rendre t\u00e9moignage \u00e0 la Lumi\u00e8re, afin que tous croient par lui. Cet homme n&rsquo;\u00e9tait pas la Lumi\u00e8re, mais il \u00e9tait l\u00e0 pour rendre t\u00e9moignage \u00e0 la Lumi\u00e8re.<br \/>\nVoici le t\u00e9moignage de Jean, quand les Juifs lui envoy\u00e8rent de J\u00e9rusalem des pr\u00eatres et des l\u00e9vites pour lui demander : \u00ab Qui es-tu ? \u00bb Il ne refusa pas de r\u00e9pondre, il d\u00e9clara ouvertement : \u00ab Je ne suis pas le Christ. \u00bb Ils lui demand\u00e8rent : \u00ab Alors qu&rsquo;en est-il ? Es-tu le proph\u00e8te Elie ? \u00bb Il r\u00e9pondit : \u00ab Je ne le suis pas.  Es-tu le Proph\u00e8te annonc\u00e9 ? \u00bb Il r\u00e9pondit : \u00ab Non. \u00bb Alors ils lui dirent : \u00ab Qui es-tu ? Il faut que nous donnions une r\u00e9ponse \u00e0 ceux qui nous ont envoy\u00e9s. Que dis-tu sur toi-m\u00eame ? \u00bb Il r\u00e9pondit : \u00ab Je suis la voix de celui qui crie dans le d\u00e9sert : Redressez le chemin du Seigneur, comme a dit le proph\u00e8te Isa\u00efe. \u00bb Or, ils avaient \u00e9t\u00e9 envoy\u00e9s de la part des pharisiens. Ils lui pos\u00e8rent encore cette question : \u00ab Pourquoi donc baptises-tu, si tu n&rsquo;es ni le Christ, ni Elie, ni le Proph\u00e8te ? \u00bb Jean leur r\u00e9pondit : \u00ab Moi, je baptise dans l&rsquo;eau. Mais au milieu de vous se tient celui que vous ne connaissez pas ; c&rsquo;est lui qui vient derri\u00e8re moi, et je ne suis pas digne de d\u00e9lier la courroie de sa sandale. \u00bb<br \/>\nCela s&rsquo;est pass\u00e9 \u00e0 B\u00e9thanie, de l&rsquo;autre c\u00f4t\u00e9 du Jourdain, \u00e0 l&rsquo;endroit o\u00f9 Jean baptisait.<\/p>\n<p>Hom\u00e9lie du 3\u00e8me dimanche l&rsquo;Avent du 12\/12\/2020, Ann\u00e9e B<br \/>\nChers fr\u00e8res et soeurs aim\u00e9s de Dieu<br \/>\nCe troisi\u00e8me dimanche de l&rsquo;Avent est celui de Gaud\u00e9t\u00e9, de la joie. Nous c\u00e9l\u00e9brons la joie de nous approcher peu \u00e0 peu de la naissance du sauveur, lui qui apporte l&rsquo;esp\u00e9rance du bonheur. Les textes \u00e9cout\u00e9s donnent la mesure de cette joie. Isa\u00efe annonce un printemps social au peuple, malgr\u00e9 l&rsquo;\u00e9preuve qu&rsquo;il traverse apr\u00e8s son retour de l&rsquo;exil. Saint Paul,  invite chacun de nous \u00e0 travers les Thessaloniciens, \u00e0 \u00eatre toujours dans la joie. La joie et la paix qui inondent les coeurs servent \u00e0 \u00eatre lucide, pour \u00eatre sans reproche \u00e0 la venue de J\u00e9sus. Comme Jean-Baptiste qui s&rsquo;efface devant celui qu&rsquo;il annonce, nous devons \u00eatre des vrais t\u00e9moins.<br \/>\nPour entrer dans l&rsquo;\u00e9vangile, relisons les deux premiers versets de la 1\u00e8re lecture. C&rsquo;est d\u00e9j\u00e0 l&rsquo;annonce de la Bonne Nouvelle. Isa\u00efe annon\u00e7ait l\u00e0 d\u00e9j\u00e0, le myst\u00e8re de l&rsquo;Incarnation avec la venue du Christ. C&rsquo;est ce qui est r\u00e9v\u00e9l\u00e9 au d\u00e9but du minist\u00e8re public de J\u00e9sus, lorsque Jean le baptise, l&rsquo;Esprit Saint descend sur lui. La Bonne Nouvelle ici, c&rsquo;est la vie du Christ qui proclame une ann\u00e9e de bienfait accord\u00e9e par le Seigneur. La volont\u00e9 de Dieu pour l&rsquo;homme c&rsquo;est le bonheur de celui-ci. L&rsquo;ann\u00e9e ici, c&rsquo;est la dur\u00e9e de la vie \u00ab oui, 1000 ans, \u00e0 tes yeux, sont comme hier, un jour qui s&rsquo;en va, comme une heure de la nuit \u00bb Ps 89, 4. Et l&rsquo;ann\u00e9e de Bienfait c&rsquo;est ce bonheur que Dieu nous a promis depuis toujours Dt 30, 9. Ce bonheur pour le baptis\u00e9, c&rsquo;est de rev\u00eatir le Christ : \u00ab Oui, vous tous qui avez \u00e9t\u00e9 baptis\u00e9s en Christ, vous rev\u00eatez le Christ \u00bb Gal. 3, 27. Le Christ est cette Bonne Nouvelle dont t\u00e9moigne Jean t\u00e9moigne dans l&rsquo;\u00e9vangile. Cet \u00e9vangile c&rsquo;est le prologue de saint Jean ; il met en exergue Jean-Baptiste. Les questions qui lui sont pos\u00e9es montrent qu&rsquo;on attendait \u00e9minemment le Messie, et fort de sa r\u00e9putation, on croyait que c&rsquo;\u00e9tait lui. Certains s&rsquo;appuyaient sur les derniers versets de Malachie : \u00ab Voici que je vais vous envoyez Elie, le proph\u00e8te avant que vienne le jour du seigneur, jour grand et redoutable. Il ram\u00e8nera le coeur des p\u00e8res vers leurs fils, celui des fils vers leurs p\u00e8res pour que je ne vienne pas frapper la terre d&rsquo;interdit \u00bb Mal. 3, 23\/24. Il y avait aussi la promesse de Dieu \u00e0 Mo\u00efse dans le deut\u00e9ronome, de faire lever dans le peuple un proph\u00e8te comme lui, consid\u00e9r\u00e9e comme une annonce messianique. Ces annonces s&rsquo;appliquaient-elle \u00e0 Jean-Baptiste ?<br \/>\nAux questions qui lui sont pos\u00e9es, il r\u00e9pond par la n\u00e9gative. Il n&rsquo;est ni l&rsquo;autre. Qui est-il donc vraiment ? En citant Isa\u00efe, il se pr\u00e9sente comme la \u00ab voix\u00e2\u20ac\u00a6 qui crie dans le d\u00e9sert : Redressez le chemin du Seigneur. \u00bb Lorsqu&rsquo;Isa\u00efe pronon\u00e7ait ces paroles, c&rsquo;\u00e9tait pour annoncer la lib\u00e9ration du peuple de Dieu en exil \u00e0 Babylone ; Dieu lui-m\u00eame venait prendre la t\u00eate, pour le ramener en Isra\u00ebl. Jean \u00e0 son tour prononce ces paroles, c&rsquo;est pour annoncer le Messie qui est proche, qui est d\u00e9j\u00e0 l\u00e0. Il est le t\u00e9moin qui annonce J\u00e9sus en v\u00e9rit\u00e9 ; et saint Augustin dira de lui : \u00ab Jean illumin\u00e9, annonce celui qui illumine \u00e2\u20ac\u00a6 qui baigne dans la clart\u00e9. \u00bb Lorsqu&rsquo;il dit \u00ab redressez le chemin du Seigneur \u00bb, il nous appelle ainsi \u00e0 la conversion, afin de sortir du sommeil comme Jacob pour reconna \u00eetre Dieu qui est l\u00e0 : \u00ab En v\u00e9rit\u00e9, le Seigneur est en ce lieu ! Et moi je ne savais pas. \u00bb On doit avoir la foi, pour accueillir J\u00e9sus qui vient. A l&rsquo;interrogation sur bapt\u00eame, Jean annonce que celui qui vient, baptisera dans l&rsquo;Esprit Saint. C&rsquo;est-\u00e0-dire qu&rsquo;il introduira l&rsquo;homme en Dieu. C&rsquo;est sur la base de la foi que Jean annon\u00e7ait J\u00e9sus, et c&rsquo;est le lendemain qu&rsquo;il le rencontre lorsque J\u00e9sus vient \u00e0 lui pour se faire baptiser. Et Jean de dire \u00ab je ne le connaissais pas, mais celui qui m&rsquo;a envoy\u00e9 baptiser dans l&rsquo;eau, c&rsquo;est lui qui m&rsquo;a dit : \u00ab celui sur lequel tu verras l&rsquo;Esprit descendre et demeurer sur lui, c&rsquo;est lui qui baptise dans l&rsquo;Esprit Saint \u00bb \u00bb Jn 1, 33. Cette mission Jean-Baptiste la tenait de Dieu, et son p\u00e8re l&rsquo;avait annonc\u00e9 \u00e0 sa naissance \u00ab Et toi, petit enfant tu seras appel\u00e9 proph\u00e8te du Tr\u00e8s Haut, car tu marcheras par devant sous le regard du Seigneur, pour pr\u00e9parer ses routes,\u00e2\u20ac\u00a6 \u00bb Lc 1, 76. Cet \u00e9vangile se termine en \u00e9voquant  B\u00e9thanie (maison du pauvre). La vie publique de J\u00e9sus se passera avec les pauvres, et se terminera dans la maison du pauvre, six jours avant la P\u00e2ques.<br \/>\nQue peut-on retenir aujourd&rsquo;hui pour vivre foi ? Il y a d&rsquo;une part l&rsquo;humilit\u00e9 \u00e0 l&rsquo;exemple de Jean Baptiste qui s&rsquo;efface, apr\u00e8s l&rsquo;annonce du Christ. En refusant de prendre la place du Ma \u00eetre, il en sort grandi. St Ambroise dira de lui : \u00ab Comme il ne veut pas s&rsquo;attribuer le nom du Christ, il devient par l\u00e0 m\u00eame un membre du Christ, s&rsquo;attachant \u00e0 reconna \u00eetre humblement sa faiblesse, il m\u00e9rite alors en toute justice, d&rsquo;\u00eatre \u00e9lev\u00e9 au rang de son Seigneur. \u00bb J\u00e9sus le reconna \u00eetra comme le plus grand des enfants des hommes Mt 11, 11. Ensuite La foi : Jean Baptiste a la foi et annonce J\u00e9sus sans l&rsquo;avoir vu. C&rsquo;est cela croire. Enfin, la joie du salut \u00e0 transmettre par notre vie pour amener d&rsquo;autres \u00e0 d\u00e9couvrir le Christ. Que Dieu nous ouvre \u00e0 cette gr\u00e2ce  Amen.<\/p>\n<\/div>\n","protected":false},"excerpt":{"rendered":"<p>Toutes les semaines, nous vous proposons de lire les textes du dimanche et de les m\u00e9diter \u00e0\u00a0 la lumi\u00e8re du commentaire d&rsquo;\u00e9vangile qui suit. A la fin de cet article, retrouvez \u00e9galement tous les&#46;&#46;&#46;<\/p>\n","protected":false},"author":2,"featured_media":0,"comment_status":"open","ping_status":"open","sticky":false,"template":"","format":"standard","meta":{"footnotes":""},"categories":[],"tags":[],"class_list":["post-1316","post","type-post","status-publish","format-standard","hentry"],"_links":{"self":[{"href":"http:\/\/www.chapelle-crecy.com\/index.php?rest_route=\/wp\/v2\/posts\/1316","targetHints":{"allow":["GET"]}}],"collection":[{"href":"http:\/\/www.chapelle-crecy.com\/index.php?rest_route=\/wp\/v2\/posts"}],"about":[{"href":"http:\/\/www.chapelle-crecy.com\/index.php?rest_route=\/wp\/v2\/types\/post"}],"author":[{"embeddable":true,"href":"http:\/\/www.chapelle-crecy.com\/index.php?rest_route=\/wp\/v2\/users\/2"}],"replies":[{"embeddable":true,"href":"http:\/\/www.chapelle-crecy.com\/index.php?rest_route=%2Fwp%2Fv2%2Fcomments&post=1316"}],"version-history":[{"count":0,"href":"http:\/\/www.chapelle-crecy.com\/index.php?rest_route=\/wp\/v2\/posts\/1316\/revisions"}],"wp:attachment":[{"href":"http:\/\/www.chapelle-crecy.com\/index.php?rest_route=%2Fwp%2Fv2%2Fmedia&parent=1316"}],"wp:term":[{"taxonomy":"category","embeddable":true,"href":"http:\/\/www.chapelle-crecy.com\/index.php?rest_route=%2Fwp%2Fv2%2Fcategories&post=1316"},{"taxonomy":"post_tag","embeddable":true,"href":"http:\/\/www.chapelle-crecy.com\/index.php?rest_route=%2Fwp%2Fv2%2Ftags&post=1316"}],"curies":[{"name":"wp","href":"https:\/\/api.w.org\/{rel}","templated":true}]}}