{"id":1317,"date":"2020-12-13T12:14:19","date_gmt":"2020-12-13T12:14:19","guid":{"rendered":""},"modified":"-0001-11-30T00:00:00","modified_gmt":"-0001-11-29T22:00:00","slug":"","status":"publish","type":"post","link":"http:\/\/www.chapelle-crecy.com\/?p=1317","title":{"rendered":"Reprise des permanences"},"content":{"rendered":"<div align=\"justify\">Les permanences d&rsquo;accueil reprennent d\u00e8s ce mercredi 16 d\u00e9cembre de 17h \u00e0 19h, puis samedi 19 d\u00e9cembre de 10h \u00e0 12h. Pas de permanence ensuite pendant les vacances de f\u00eates de fin d&rsquo;ann\u00e9e. Reprise de la fr\u00e9quence habituelle des permanences les mercredis et samedis l\u00e0 partir du mercredi 6 janvier 2021.<\/div>\n","protected":false},"excerpt":{"rendered":"<p>Les permanences d&rsquo;accueil reprennent d\u00e8s ce mercredi 16 d\u00e9cembre de 17h \u00e0 19h, puis samedi 19 d\u00e9cembre de 10h \u00e0 12h. Pas de permanence ensuite pendant les vacances de f\u00eates de fin d&rsquo;ann\u00e9e. Reprise&#46;&#46;&#46;<\/p>\n","protected":false},"author":2,"featured_media":0,"comment_status":"open","ping_status":"open","sticky":false,"template":"","format":"standard","meta":{"footnotes":""},"categories":[],"tags":[],"class_list":["post-1317","post","type-post","status-publish","format-standard","hentry"],"_links":{"self":[{"href":"http:\/\/www.chapelle-crecy.com\/index.php?rest_route=\/wp\/v2\/posts\/1317","targetHints":{"allow":["GET"]}}],"collection":[{"href":"http:\/\/www.chapelle-crecy.com\/index.php?rest_route=\/wp\/v2\/posts"}],"about":[{"href":"http:\/\/www.chapelle-crecy.com\/index.php?rest_route=\/wp\/v2\/types\/post"}],"author":[{"embeddable":true,"href":"http:\/\/www.chapelle-crecy.com\/index.php?rest_route=\/wp\/v2\/users\/2"}],"replies":[{"embeddable":true,"href":"http:\/\/www.chapelle-crecy.com\/index.php?rest_route=%2Fwp%2Fv2%2Fcomments&post=1317"}],"version-history":[{"count":0,"href":"http:\/\/www.chapelle-crecy.com\/index.php?rest_route=\/wp\/v2\/posts\/1317\/revisions"}],"wp:attachment":[{"href":"http:\/\/www.chapelle-crecy.com\/index.php?rest_route=%2Fwp%2Fv2%2Fmedia&parent=1317"}],"wp:term":[{"taxonomy":"category","embeddable":true,"href":"http:\/\/www.chapelle-crecy.com\/index.php?rest_route=%2Fwp%2Fv2%2Fcategories&post=1317"},{"taxonomy":"post_tag","embeddable":true,"href":"http:\/\/www.chapelle-crecy.com\/index.php?rest_route=%2Fwp%2Fv2%2Ftags&post=1317"}],"curies":[{"name":"wp","href":"https:\/\/api.w.org\/{rel}","templated":true}]}}