{"id":1321,"date":"2020-12-27T09:42:36","date_gmt":"2020-12-27T09:42:36","guid":{"rendered":""},"modified":"-0001-11-30T00:00:00","modified_gmt":"-0001-11-29T22:00:00","slug":"","status":"publish","type":"post","link":"http:\/\/www.chapelle-crecy.com\/?p=1321","title":{"rendered":"Annonces du 28 d\u00e9cembre 2020 au 3 janvier 2021"},"content":{"rendered":"<div align=\"justify\">Voici les annonces de la p\u00e9riode du lundi 28 d\u00e9cembre 2020 au dimanche 3 janvier 2021 pour la paroisse des 3 clochers Cr\u00e9cy-la-Chapelle, Villiers-sur-Morin, Voulangis. <\/p>\n<p>Vendredi 1er janvier \u00e0\u00a0 10 h &#8211; Messe \u00e0\u00a0 Cr\u00e9cy.<br \/>\nSamedi 2 janvier \u00e0\u00a0 18 h30, Messe \u00e0\u00a0 Villiers.<br \/>\nDimanche 3 janvier \u00e0\u00a0 9 h 45, Messe \u00e0\u00a0 Cr\u00e9cy.\n<\/div>\n<div align=\"center\">\n<table bgcolor =\"F0FFF6\" border=0>\n<tbody>\n<tr>\n<td width=400><font color=\"00CC00\"><\/p>\n<div align=\"center\">\n<b>Mardi 29 d\u00e9cembre<\/b><br \/>\n18 h &#8211; Messe \u00e0 Cr\u00e9cy.<\/p>\n<p><b>Jeudi 31 d\u00e9cembre<\/b><br \/>\n9 h &#8211; Messe \u00e0 Cr\u00e9cy.<\/p>\n<p><b>Vendredi 1er janvier 2021<\/b><br \/>\n10 h &#8211; Messe \u00e0 Cr\u00e9cy.<\/p>\n<p><b>Samedi 2 janvier<\/b><\/br><br \/>\n18 h 30 &#8211; Messe \u00e0 Villiers pour Mauricette ROUSSEAU.<\/p>\n<p><b>Dimanche 3 janvier<\/b><br \/>\n9 h 45 &#8211; Messe en famille \u00e0 Cr\u00e9cy.\n<\/div>\n<p><\/font><\/td>\n<td><font color=\"0E0C40\"><\/p>\n<div align=\"center\"><img decoding=\"async\" src=\"\/IMG\/gif\/noel_nativite019.gif\" width=150><br \/><img decoding=\"async\" src=\"\/IMG\/gif\/noel_nativite002.gif\" width=150><\/div>\n<p><\/font><\/td>\n<\/tr>\n<\/tbody>\n<\/table>\n<\/div>\n","protected":false},"excerpt":{"rendered":"<p>Voici les annonces de la p\u00e9riode du lundi 28 d\u00e9cembre 2020 au dimanche 3 janvier 2021 pour la paroisse des 3 clochers Cr\u00e9cy-la-Chapelle, Villiers-sur-Morin, Voulangis. Vendredi 1er janvier \u00e0\u00a0 10 h &#8211; Messe \u00e0\u00a0&#46;&#46;&#46;<\/p>\n","protected":false},"author":2,"featured_media":0,"comment_status":"open","ping_status":"open","sticky":false,"template":"","format":"standard","meta":{"footnotes":""},"categories":[],"tags":[],"class_list":["post-1321","post","type-post","status-publish","format-standard","hentry"],"_links":{"self":[{"href":"http:\/\/www.chapelle-crecy.com\/index.php?rest_route=\/wp\/v2\/posts\/1321","targetHints":{"allow":["GET"]}}],"collection":[{"href":"http:\/\/www.chapelle-crecy.com\/index.php?rest_route=\/wp\/v2\/posts"}],"about":[{"href":"http:\/\/www.chapelle-crecy.com\/index.php?rest_route=\/wp\/v2\/types\/post"}],"author":[{"embeddable":true,"href":"http:\/\/www.chapelle-crecy.com\/index.php?rest_route=\/wp\/v2\/users\/2"}],"replies":[{"embeddable":true,"href":"http:\/\/www.chapelle-crecy.com\/index.php?rest_route=%2Fwp%2Fv2%2Fcomments&post=1321"}],"version-history":[{"count":0,"href":"http:\/\/www.chapelle-crecy.com\/index.php?rest_route=\/wp\/v2\/posts\/1321\/revisions"}],"wp:attachment":[{"href":"http:\/\/www.chapelle-crecy.com\/index.php?rest_route=%2Fwp%2Fv2%2Fmedia&parent=1321"}],"wp:term":[{"taxonomy":"category","embeddable":true,"href":"http:\/\/www.chapelle-crecy.com\/index.php?rest_route=%2Fwp%2Fv2%2Fcategories&post=1321"},{"taxonomy":"post_tag","embeddable":true,"href":"http:\/\/www.chapelle-crecy.com\/index.php?rest_route=%2Fwp%2Fv2%2Ftags&post=1321"}],"curies":[{"name":"wp","href":"https:\/\/api.w.org\/{rel}","templated":true}]}}