{"id":1323,"date":"2020-12-28T15:05:53","date_gmt":"2020-12-28T15:05:53","guid":{"rendered":""},"modified":"-0001-11-30T00:00:00","modified_gmt":"-0001-11-29T22:00:00","slug":"","status":"publish","type":"post","link":"http:\/\/www.chapelle-crecy.com\/?p=1323","title":{"rendered":"Bon temps de No\u00ebl \u00e0\u00a0 chacun et \u00e0\u00a0 vous tous !"},"content":{"rendered":"<div align=\"justify\">L&rsquo;ambiance g\u00e9n\u00e9rale est un peu morose en cette fin d&rsquo;ann\u00e9e? Pourtant, nous portons tous, en chacun de nous, un peu de lumi\u00e8re et il ne tient qu&rsquo;\u00e0\u00a0 nous de la faire rayonner. C&rsquo;est pourquoi, \u00e0\u00a0 l&rsquo;Echo de la Vall\u00e9e, nous sommes conscients que nous avons un grand challenge \u00e0\u00a0 relever. Toujours plus proches de nos lecteurs dont l&rsquo;outil de travail et la source de revenus viennent d&rsquo;\u00eatre encore bris\u00e9s par les retomb\u00e9es de la pand\u00e9mie de la Covid 19, il nous faut, toujours et encore, r\u00e9conforter, stimuler, donner des id\u00e9es pour s&rsquo;en sortir autrement. <br \/>\nDans le nouveau num\u00e9ro de No\u00f6l de l&rsquo;Echo de la Vall\u00e9e (en pi\u00e8ce jointe de cet article) que vous trouverez, dans s version papier aupr\u00e8s de vos amis paroissiens diffuseurs du journal, au fond de nos \u00e9glises ou encore sur le [kiosque \u00e0\u00a0 journaux->https:\/\/www.journaux-paroissiaux.com\/journaux\/crecy_la_chapelle-echo_de_la_vallee\/echo-de-la-vallee-decembre-2020], vous trouverez de nombreux conseils et t\u00e9moignages pour davantage vivre en solidarit\u00e9 les uns avec les autres, en toute fraternit\u00e9, et toujours dans l&rsquo;esp\u00e9rance.<br \/>\nPlus que jamais en lien avec nos commerces de proximit\u00e9, ce num\u00e9ro 294 fait la part belle au nouveau magasin \u00ab\u00a0La cave de Cr\u00e9cy\u00a0\u00bb. Pour votre r\u00e9veillon du Nouvel An, nous vous conseillons d&rsquo;aller rendre visite \u00e0\u00a0 Laurence Fayette au 2 place Camus \u00e0\u00a0 Cr\u00e9cy et vous procurer cette excellente bouteille de vin \u00ab\u00a0La goutte du Seigneur\u00a0\u00bb que la r\u00e9daction a d\u00e9gust\u00e9 pour vous (\u00e0\u00a0 lire en page 10).<\/p>\n<div align=\"center\"><img decoding=\"async\" src=\"\/IMG\/jpg\/goutte_du_seigneur.jpg\" width=200><\/div>\n<p><\/div>\n<p>\nAu nom de tout le comit\u00e9 de r\u00e9daction de l&rsquo;Echo de la Vall\u00e9e et des paroisses de Cr\u00e9cy et Quincy, permettez-moi de vous adresser un bon r\u00e9veillon du nouvel an et <\/p>\n<div align=\"center\">une tr\u00e8s belle et tr\u00e8s heureuse ann\u00e9e 2021!<\/div>\n<\/div>\n","protected":false},"excerpt":{"rendered":"<p>L&rsquo;ambiance g\u00e9n\u00e9rale est un peu morose en cette fin d&rsquo;ann\u00e9e? Pourtant, nous portons tous, en chacun de nous, un peu de lumi\u00e8re et il ne tient qu&rsquo;\u00e0\u00a0 nous de la faire rayonner. C&rsquo;est pourquoi,&#46;&#46;&#46;<\/p>\n","protected":false},"author":2,"featured_media":0,"comment_status":"open","ping_status":"open","sticky":false,"template":"","format":"standard","meta":{"footnotes":""},"categories":[],"tags":[],"class_list":["post-1323","post","type-post","status-publish","format-standard","hentry"],"_links":{"self":[{"href":"http:\/\/www.chapelle-crecy.com\/index.php?rest_route=\/wp\/v2\/posts\/1323","targetHints":{"allow":["GET"]}}],"collection":[{"href":"http:\/\/www.chapelle-crecy.com\/index.php?rest_route=\/wp\/v2\/posts"}],"about":[{"href":"http:\/\/www.chapelle-crecy.com\/index.php?rest_route=\/wp\/v2\/types\/post"}],"author":[{"embeddable":true,"href":"http:\/\/www.chapelle-crecy.com\/index.php?rest_route=\/wp\/v2\/users\/2"}],"replies":[{"embeddable":true,"href":"http:\/\/www.chapelle-crecy.com\/index.php?rest_route=%2Fwp%2Fv2%2Fcomments&post=1323"}],"version-history":[{"count":0,"href":"http:\/\/www.chapelle-crecy.com\/index.php?rest_route=\/wp\/v2\/posts\/1323\/revisions"}],"wp:attachment":[{"href":"http:\/\/www.chapelle-crecy.com\/index.php?rest_route=%2Fwp%2Fv2%2Fmedia&parent=1323"}],"wp:term":[{"taxonomy":"category","embeddable":true,"href":"http:\/\/www.chapelle-crecy.com\/index.php?rest_route=%2Fwp%2Fv2%2Fcategories&post=1323"},{"taxonomy":"post_tag","embeddable":true,"href":"http:\/\/www.chapelle-crecy.com\/index.php?rest_route=%2Fwp%2Fv2%2Ftags&post=1323"}],"curies":[{"name":"wp","href":"https:\/\/api.w.org\/{rel}","templated":true}]}}