{"id":1324,"date":"2020-12-24T09:23:00","date_gmt":"2020-12-24T09:23:00","guid":{"rendered":""},"modified":"-0001-11-30T00:00:00","modified_gmt":"-0001-11-29T22:00:00","slug":"","status":"publish","type":"post","link":"http:\/\/www.chapelle-crecy.com\/?p=1324","title":{"rendered":"25 d\u00e9cembre &#8211; Il est n\u00e9 le divin enfant !"},"content":{"rendered":"<div align=\"center\"><img decoding=\"async\" src=\"\/IMG\/jpg\/gloire.jpg\" width=500><\/div>\n<p><\/div>\n<div align=\"justify\">\nLecture du livre du proph\u00e8te Isa\u00efe (52, 7-10) <br \/>\n\u00ab\u00e2\u20ac\u00afTous les lointains de la terre ont vu le salut de notre Dieu\u00e2\u20ac\u00af\u00bb<br \/>\nComme ils sont beaux sur les montagnes, les pas du messager, celui qui annonce la paix, qui porte la bonne nouvelle, qui annonce le salut, et vient dire \u00e0 Sion\u00e2\u20ac\u00af: \u00ab\u00e2\u20ac\u00afIl r\u00e8gne, ton Dieu\u00e2\u20ac\u2030!\u00e2\u20ac\u00af\u00bb Ecoutez la voix des guetteurs\u00e2\u20ac\u00af: ils \u00e9l\u00e8vent la voix, tous ensemble ils crient de joie car, de leurs propres yeux, ils voient le Seigneur qui revient \u00e0 Sion.<br \/>\nEclatez en cris de joie, vous, ruines de J\u00e9rusalem, car le Seigneur console son peuple, il rach\u00e8te J\u00e9rusalem\u00e2\u20ac\u2030! Le Seigneur a montr\u00e9 la saintet\u00e9 de son bras aux yeux de toutes les nations. Tous les lointains de la terre ont vu le salut de notre Dieu. <\/p>\n<p>Psaume 97 (98) <br \/>\nRefrain: La terre tout enti\u00e8re a vu le salut que Dieu nous donne.<\/p>\n<p>Chantez au Seigneur un chant nouveau, <br \/>\ncar il a fait des merveilles\u00e2\u20ac\u2030;<br \/>\npar son bras tr\u00e8s saint, par sa main puissante, <br \/>\nil s&rsquo;est assur\u00e9 la victoire. R<\/p>\n<p>Le Seigneur a fait conna \u00eetre sa victoire<br \/>\net r\u00e9v\u00e9l\u00e9 sa justice aux nations\u00e2\u20ac\u2030;<br \/>\nil s&rsquo;est rappel\u00e9 sa fid\u00e9lit\u00e9, son amour, <br \/>\nen faveur de la maison d&rsquo;Isra\u00ebl.\u00e2\u20ac\u00afR<\/p>\n<p>La terre tout enti\u00e8re a vu<br \/>\nla victoire de notre Dieu. <br \/>\nAcclamez le Seigneur, terre enti\u00e8re<br \/>,<br \/>\nsonnez, chantez, jouez\u00e2\u20ac\u2030!\u00e2\u20ac\u00afR<\/p>\n<p>Jouez pour le Seigneur sur la cithare, <br \/>\nsur la cithare et tous les instruments\u00e2\u20ac\u2030;<br \/>\nau son de la trompette et du cor, <br \/>\nacclamez votre roi, le Seigneur\u00e2\u20ac\u2030!\u00e2\u20ac\u00afR <\/p>\n<p>Lecture de la lettre aux H\u00e9breux (1, 1-6)<br \/>\n\u00ab\u00e2\u20ac\u00afDieu nous a parl\u00e9 par son Fils\u00e2\u20ac\u00af\u00bb<br \/>\nA bien des reprises et de bien des mani\u00e8res, Dieu, dans le pass\u00e9, a parl\u00e9 \u00e0 nos p\u00e8res par les proph\u00e8tes\u00e2\u20ac\u2030; mais \u00e0 la fin, en ces jours o\u00f9 nous sommes, il nous a parl\u00e9 par son Fils qu&rsquo;il a \u00e9tabli h\u00e9ritier de toutes choses et par qui il a cr\u00e9\u00e9 les mondes. Rayonnement de la gloire de Dieu, expression parfaite de son \u00eatre, le Fils, qui porte l&rsquo;univers par sa parole puissante, apr\u00e8s avoir accompli la purification des p\u00e9ch\u00e9s, s&rsquo;est assis \u00e0 la droite de la Majest\u00e9 divine dans les hauteurs des cieux\u00e2\u20ac\u2030; et il est devenu bien sup\u00e9rieur aux anges, dans la mesure m\u00eame o\u00f9 il a re\u00e7u en h\u00e9ritage un nom si diff\u00e9rent du leur. <br \/>\nEn effet, Dieu d\u00e9clara-t-il jamais \u00e0 un ange\u00e2\u20ac\u00af: Tu es mon Fils, moi, aujourd&rsquo;hui, je t&rsquo;ai engendr\u00e9\u00e2\u20ac\u2030? Ou bien encore\u00e2\u20ac\u00af: Moi, je serai pour lui un p\u00e8re, et lui sera pour moi un fils\u00e2\u20ac\u2030? A l&rsquo;inverse, au moment d&rsquo;introduire le Premier-n\u00e9 dans le monde \u00e0 venir, il dit\u00e2\u20ac\u00af: Que se prosternent devant lui tous les anges de Dieu. <\/p>\n<p>Evangile selon St Jean (1, 1-18)<br \/>\n \u00ab\u00e2\u20ac\u00afLe Verbe s&rsquo;est fait chair, il a habit\u00e9 parmi nous\u00e2\u20ac\u00af\u00bb<br \/>\nAu commencement \u00e9tait le Verbe, et le Verbe \u00e9tait aupr\u00e8s de Dieu, et le Verbe \u00e9tait Dieu. Il \u00e9tait au commencement \u00c2\u00acaupr\u00e8s de Dieu. C&rsquo;est par lui que tout est venu \u00e0 l&rsquo;existence, et rien de ce qui s&rsquo;est fait ne s&rsquo;est fait sans lui. En lui \u00e9tait la vie, et la vie \u00e9tait la lumi\u00e8re des hommes\u00e2\u20ac\u2030; la lumi\u00e8re brille dans les t\u00e9n\u00e8bres, et les t\u00e9n\u00e8bres ne l&rsquo;ont pas arr\u00eat\u00e9e. <br \/>\nIl y eut un homme envoy\u00e9 par Dieu\u00e2\u20ac\u2030; son nom \u00e9tait Jean. Il est venu comme t\u00e9moin, pour rendre t\u00e9moignage \u00e0 la Lumi\u00e8re, afin que tous croient par lui. Cet homme n&rsquo;\u00e9tait pas la Lumi\u00e8re, mais il \u00e9tait l\u00e0 pour rendre t\u00e9moignage \u00e0 la Lumi\u00e8re.<br \/>\nLe Verbe \u00e9tait la vraie Lumi\u00e8re, qui \u00e9claire tout homme en \u00c2\u00acvenant dans le monde. Il \u00e9tait dans le monde, et le monde \u00e9tait venu par lui \u00e0 l&rsquo;existence, mais le monde ne l&rsquo;a pas reconnu. Il est venu chez lui, et les siens ne l&rsquo;ont pas re\u00e7u. Mais \u00e0 tous ceux qui l&rsquo;ont re\u00e7u, il a donn\u00e9 de pouvoir devenir enfants de Dieu, eux qui croient en son nom. Ils ne sont pas n\u00e9s du sang, ni d&rsquo;une volont\u00e9 charnelle, ni d&rsquo;une volont\u00e9 d&rsquo;homme\u00e2\u20ac\u00af: ils sont n\u00e9s de Dieu. Et le Verbe s&rsquo;est fait chair, il a habit\u00e9 parmi nous, et nous avons vu sa gloire, la gloire qu&rsquo;il tient de son P\u00e8re comme Fils unique, plein de gr\u00e2ce et de v\u00e9rit\u00e9.<br \/>\nJean le Baptiste lui rend t\u00e9moignage en proclamant\u00e2\u20ac\u00af: \u00ab\u00e2\u20ac\u00afC&rsquo;est de lui que j&rsquo;ai dit\u00e2\u20ac\u00af: Celui qui vient derri\u00e8re moi est pass\u00e9 devant moi, car avant moi il \u00e9tait.\u00e2\u20ac\u00af\u00bb Tous, nous avons eu part \u00e0 sa pl\u00e9nitude, nous avons re\u00e7u gr\u00e2ce apr\u00e8s gr\u00e2ce\u00e2\u20ac\u2030; car la Loi fut donn\u00e9e par Mo\u00efse, la gr\u00e2ce et la v\u00e9rit\u00e9 sont venues par J\u00e9sus Christ. <br \/>\nDieu, personne ne l&rsquo;a jamais vu\u00e2\u20ac\u2030; le Fils unique, lui qui est Dieu, lui qui est dans le sein du P\u00e8re, c&rsquo;est lui qui l&rsquo;a fait conna \u00eetre. <\/p>\n<div align=\"center\">******<\/div>\n<p>Hom\u00e9lie de la messe du jour de No\u00ebl, le 25\/12\/2020<\/p>\n<p>Chers fr\u00e8res et soeurs aim\u00e9s de Dieu<\/p>\n<p>Aujourd&rsquo;hui nous f\u00eatons No\u00ebl. La joie de cette f\u00eate, c&rsquo;est la joie des hommes d\u00e9livr\u00e9s de la servitude du p\u00e9ch\u00e9, gr\u00e2ce \u00e0 l&rsquo;amour sans limite de Dieu. En \u00e9coutant Isa\u00efe la premi\u00e8re lecture, il revient en m\u00e9moire ce beau cantique : \u00ab Ah qu&rsquo;ils sont beaux, sur la montagne, les pas de ceux qui portent la Bonne Nouvelle et annoncent le salut et la paix. \u00bb Cette Bonne Nouvelle pour le peuple juif qui \u00e9coute Isa\u00efe \u00e0 cette \u00e9poque-l\u00e0, c&rsquo;est de pouvoir rentrer dans son pays apr\u00e8s 40 ans d&rsquo;exil \u00e0 Babylone. Il annonce \u00e0 ce peuple qui se croyait abandonn\u00e9 par Dieu que sa lib\u00e9ration est proche. A partir de ce moment, ce peuple scrute tout, et m\u00eame dans les moindres choses de la vie, il red\u00e9couvre Dieu qui est toujours \u00e0 c\u00f4t\u00e9 de son peuple. C&rsquo;est pour ce peuple une grande joie, celle de la libert\u00e9. C&rsquo;est cette joie que nous f\u00eatons, parce qu&rsquo;avec l&rsquo;incarnation du Christ, c&rsquo;est d\u00e9j\u00e0 notre r\u00e9demption qui a commenc\u00e9.<br \/>\nA No\u00ebl commence notre r\u00e9demption, et nous f\u00eatons d\u00e9j\u00e0 la lib\u00e9ration parce que l&rsquo;enfant de la cr\u00e8che vient lib\u00e9rer tout homme de ses p\u00e9ch\u00e9s. C&rsquo;est cela que nous exprimons dans les cadeaux partag\u00e9s et les \u00e9changes de voeux \u00e2\u20ac\u00a6. Mais, il ne faut pas rester \u00e0 la seule joie, il faut accueillir Dieu qui est au milieu de nous, par les relations de qualit\u00e9 avec les autres, car tous nous sommes cr\u00e9\u00e9s \u00e0 son image. En effet, Dieu se fait voir et entendre dans un \u00eatre humain, J\u00e9sus de Nazareth. Dans le pass\u00e9, il a parl\u00e9 par les proph\u00e8tes. Aujourd&rsquo;hui, il est descendu jusqu&rsquo;\u00e0 nous en son Fils J\u00e9sus pour nous parler. Nous n&rsquo;avons plus d&rsquo;effort \u00e0 faire pour penser Dieu, il suffit de l&rsquo;accueillir, il s&rsquo;est fait conna \u00eetre une fois pour tous en J\u00e9sus qui est sa Parole, et c&rsquo;est ce que saint Jean explique dans l&rsquo;\u00e9vangile ce jour. Le Verbe dont il parle est la Parole de Dieu : \u00ab Au commencement \u00e9tait le Verbe, la Parole de Dieu, et le Verbe \u00e9tait aupr\u00e8s de Dieu, et le Verbe \u00e9tait Dieu. \u00bb No\u00ebl que nous f\u00eatons, est un long processus, une longue fr\u00e9quentation entre Dieu et les hommes. Le langage de la cr\u00e9ation chez saint Jean et avant lui les proph\u00e8tes, r\u00e9v\u00e8le la tendresse de Dieu pour tous. Il est cette lumi\u00e8re qui nous \u00e9claire, mais seulement peu de gens de ce monde reconnaissent la splendeur de sa Parole. Nombreux sont ceux qui dans cette soci\u00e9t\u00e9 dressent des barri\u00e8res contre J\u00e9sus Christ Parole de Dieu, parce qu&rsquo;il porte une parole qui touche les consciences, une parole qui va contre nos int\u00e9r\u00eats \u00e9go\u00efstes et invite au partage, une parole qui attire notre attention sur l&rsquo;autre et surtout le plus d\u00e9muni, une Parole qui d\u00e9range presque, car elle demande de sortir de soi pour s&rsquo;ouvrir \u00e0 l&rsquo;autre, l&rsquo;aimer \u00e2\u20ac\u00a6 La Parole de Dieu s&rsquo;est fait chair, pour que nous d\u00e9couvrions l&rsquo;amour gratuit de Dieu, et par notre vie amener les autres \u00e0 d\u00e9couvrir eux aussi cet amour.<br \/>\nJ\u00e9sus ne se contente pas de nous visiter, mais il se fait l&rsquo;un de nous pour que nous devenions avec lui Fils de Dieu. Avons-nous conscience de cela ? Et si oui, que faisons-nous pour fuir le p\u00e9ch\u00e9 qui nous \u00e9loigne de Dieu. Dieu s&rsquo;est d\u00e9rang\u00e9 \u00e0 venir jusqu&rsquo;\u00e0 nous, quel effort faisons nous pour vivre en fr\u00e8re et soeurs comme il le demande ? Aujourd&rsquo;hui, la Parole de Dieu \u00e9cout\u00e9e nous appelle \u00e0 nous poser des vraies questions sur nos relations avec Dieu et les autres. Connaissons-nous vraiment Dieu ? En ce jour o\u00f9 il se fait l&rsquo;un de nous et nous comble de joie, cherchons comment faire conna \u00eetre cette joie autour de nous, et amener d&rsquo;autres \u00e0 la vivre aussi, mais pas seulement pour aujourd&rsquo;hui, mais pour tous les jours car \u00ab C&rsquo;est No\u00ebl sur la terre chaque jour, car No\u00ebl  mes fr\u00e8res, c&rsquo;est l&rsquo;amour \u00bb, dit le cantique.\n<\/div>\n","protected":false},"excerpt":{"rendered":"<p>Lecture du livre du proph\u00e8te Isa\u00efe (52, 7-10) \u00ab\u00e2\u20ac\u00afTous les lointains de la terre ont vu le salut de notre Dieu\u00e2\u20ac\u00af\u00bb Comme ils sont beaux sur les montagnes, les pas du messager, celui qui&#46;&#46;&#46;<\/p>\n","protected":false},"author":2,"featured_media":0,"comment_status":"open","ping_status":"open","sticky":false,"template":"","format":"standard","meta":{"footnotes":""},"categories":[],"tags":[],"class_list":["post-1324","post","type-post","status-publish","format-standard","hentry"],"_links":{"self":[{"href":"http:\/\/www.chapelle-crecy.com\/index.php?rest_route=\/wp\/v2\/posts\/1324","targetHints":{"allow":["GET"]}}],"collection":[{"href":"http:\/\/www.chapelle-crecy.com\/index.php?rest_route=\/wp\/v2\/posts"}],"about":[{"href":"http:\/\/www.chapelle-crecy.com\/index.php?rest_route=\/wp\/v2\/types\/post"}],"author":[{"embeddable":true,"href":"http:\/\/www.chapelle-crecy.com\/index.php?rest_route=\/wp\/v2\/users\/2"}],"replies":[{"embeddable":true,"href":"http:\/\/www.chapelle-crecy.com\/index.php?rest_route=%2Fwp%2Fv2%2Fcomments&post=1324"}],"version-history":[{"count":0,"href":"http:\/\/www.chapelle-crecy.com\/index.php?rest_route=\/wp\/v2\/posts\/1324\/revisions"}],"wp:attachment":[{"href":"http:\/\/www.chapelle-crecy.com\/index.php?rest_route=%2Fwp%2Fv2%2Fmedia&parent=1324"}],"wp:term":[{"taxonomy":"category","embeddable":true,"href":"http:\/\/www.chapelle-crecy.com\/index.php?rest_route=%2Fwp%2Fv2%2Fcategories&post=1324"},{"taxonomy":"post_tag","embeddable":true,"href":"http:\/\/www.chapelle-crecy.com\/index.php?rest_route=%2Fwp%2Fv2%2Ftags&post=1324"}],"curies":[{"name":"wp","href":"https:\/\/api.w.org\/{rel}","templated":true}]}}